{"id":10392,"date":"2025-06-04T06:55:25","date_gmt":"2025-06-04T06:55:25","guid":{"rendered":"https:\/\/www.mapfre.com.tr\/blog\/?p=10392"},"modified":"2025-06-04T06:55:27","modified_gmt":"2025-06-04T06:55:27","slug":"arac-ustu-cadir-nedir","status":"publish","type":"post","link":"https:\/\/www.mapfre.com.tr\/blog\/yasa\/arac-ustu-cadir-nedir\/","title":{"rendered":"Do\u011fada Konforlu Konaklaman\u0131n Yeni Yolu: Ara\u00e7 \u00dcst\u00fc \u00c7ad\u0131r Nedir?"},"content":{"rendered":"\n<p>Do\u011fayla ba\u015f ba\u015fa kalmay\u0131 sevenler i\u00e7in kamp yapmak bir tutkudur. Bu tutkuyu konforlu ve keyifli bir \u015fekilde hayata ge\u00e7irmek i\u00e7in de farkl\u0131 konaklama se\u00e7enekleri mevcut. \u0130\u015fte, bu \u00e7\u00f6z\u00fcmlerden biri de arac\u0131n\u0131z\u0131 bir konaklama alan\u0131na d\u00f6n\u00fc\u015ft\u00fcrecek ara\u00e7 \u00fcst\u00fc \u00e7ad\u0131rlar.&nbsp;<\/p>\n\n\n\n<!--more-->\n\n\n\n<p>Araban\u0131za atlay\u0131p uzun yolculuklar yapt\u0131\u011f\u0131n\u0131zda tercih edebilece\u011finiz ara\u00e7 \u00fcst\u00fc \u00e7ad\u0131rlar hem pratik hem de konforlu bir kamp ekipman\u0131. Ancak bu ekipman\u0131 arac\u0131n\u0131za monte etmek ve tam ihtiyac\u0131n\u0131za uygun bir ara\u00e7 \u00fcst\u00fc \u00e7ad\u0131ra sahip olmak i\u00e7in dikkat etmeniz gereken unsurlar bulunuyor. O halde gelin; ara\u00e7 \u00fcst\u00fc \u00e7ad\u0131r nedir, nas\u0131l kullan\u0131l\u0131r ve hangi avantajlar\u0131 sunar, birlikte inceleyelim.&nbsp;<\/p>\n\n\n\n<h2 class=\"wp-block-heading\"><strong>Ara\u00e7 \u00dcst\u00fc \u00c7ad\u0131r Nedir?&nbsp;<\/strong><\/h2>\n\n\n\n<p>Ara\u00e7 \u00fcst\u00fc \u00e7ad\u0131r, ad\u0131ndan da anla\u015f\u0131ld\u0131\u011f\u0131 gibi zemine kurulan \u00e7ad\u0131rdan farkl\u0131 olarak ara\u00e7 \u00fcst\u00fcne monte edilen bir konaklama \u00e7\u00f6z\u00fcm\u00fcd\u00fcr. Ara\u00e7 \u00fcst\u00fcnde yer alan tavan \u00e7\u0131talar\u0131na monte edilerek kullan\u0131labilen bu \u00e7\u00f6z\u00fcm sayesinde arac\u0131n\u0131z kampa giderken hem ula\u015f\u0131m hem de konaklama \u00e7\u00f6z\u00fcm\u00fcne d\u00f6n\u00fc\u015febilir.<\/p>\n\n\n\n<p>Ara\u00e7 \u00fcst\u00fc \u00e7ad\u0131r\u0131n ta\u015f\u0131nabilir olmas\u0131, kolay kurulumu ve konforlu konaklama imkan\u0131 \u00f6ne \u00e7\u0131kan \u00f6zellikleri aras\u0131ndad\u0131r. \u00d6zellikle \u00e7ad\u0131r\u0131n\u0131z\u0131 s\u00fcrekli kurup toplamakla u\u011fra\u015fmak istemiyorsan\u0131z ya da zemin ko\u015fullar\u0131 sorun yarat\u0131yorsa ara\u00e7 \u00fcst\u00fc \u00e7ad\u0131r modelleri e\u015fsiz \u00fcr\u00fcnlerdir.<\/p>\n\n\n\n<h2 class=\"wp-block-heading\"><strong>Ara\u00e7 \u00dcst\u00fc \u00c7ad\u0131r Nas\u0131l Kurulur<\/strong>?<\/h2>\n\n\n\n<figure class=\"wp-block-image size-full is-resized\"><img loading=\"lazy\" decoding=\"async\" width=\"724\" height=\"483\" src=\"https:\/\/www.mapfre.com.tr\/blog\/media\/2025\/05\/arac-ustu-cadir-nasil-kurulur.jpg\" alt=\"Ara\u00e7 \u00dcst\u00fc \u00c7ad\u0131r Nas\u0131l Kurulur?\" class=\"wp-image-10394\" style=\"width:780px;height:auto\" srcset=\"https:\/\/www.mapfre.com.tr\/blog\/media\/2025\/05\/arac-ustu-cadir-nasil-kurulur.jpg 724w, https:\/\/www.mapfre.com.tr\/blog\/media\/2025\/05\/arac-ustu-cadir-nasil-kurulur-300x200.jpg 300w, https:\/\/www.mapfre.com.tr\/blog\/media\/2025\/05\/arac-ustu-cadir-nasil-kurulur-585x390.jpg 585w, https:\/\/www.mapfre.com.tr\/blog\/media\/2025\/05\/arac-ustu-cadir-nasil-kurulur-263x175.jpg 263w\" sizes=\"auto, (max-width: 724px) 100vw, 724px\" \/><\/figure>\n\n\n\n<p>Ara\u00e7 \u00fcst\u00fc \u00e7ad\u0131rlar, arac\u0131n tavan\u0131na monteli oldu\u011fu i\u00e7in arac\u0131n\u0131z\u0131 park etti\u011finiz anda birka\u00e7 dakika i\u00e7inde a\u00e7\u0131p konaklamaya haz\u0131r hale getirebilirsiniz. Bu \u00e7ad\u0131r\u0131n araca monte edilmesi ve kurulumu i\u00e7in de \u015fu temel ad\u0131mlar\u0131 izlemeniz gerekli:&nbsp;<\/p>\n\n\n\n<ul class=\"wp-block-list\">\n<li>\u0130lk olarak \u00e7ad\u0131r\u0131n taban\u0131n\u0131 arac\u0131n tavan bagaj\u0131 olarak bilinen \u00e7\u0131talara monte etmelisiniz. E\u011fer arac\u0131n\u0131zda tavan \u00e7\u0131talar\u0131 bulunmuyorsa \u00f6ncelikle tavana \u00e7\u0131ta takt\u0131rmal\u0131s\u0131n\u0131z. Daha sonra ara\u00e7 \u00fcst\u00fc \u00e7ad\u0131r montaj\u0131n\u0131 ger\u00e7ekle\u015ftirebilirsiniz. Bu i\u015flemi de genellikle profesyonel destekle veya detayl\u0131 bir kullan\u0131m k\u0131lavuzu yard\u0131m\u0131yla yapabilirsiniz.&nbsp;<\/li>\n<\/ul>\n\n\n\n<ul class=\"wp-block-list\">\n<li>Montajdan sonra ara\u00e7 \u00fcst\u00fc \u00e7ad\u0131r, arac\u0131n\u0131z\u0131n \u00fczerinde kapal\u0131 bir vaziyette durur. Kamp alan\u0131na vard\u0131\u011f\u0131n\u0131zda \u00e7ad\u0131r\u0131n koruma kapa\u011f\u0131n\u0131 kald\u0131r\u0131p mente\u015feli veya a\u00e7\u0131l\u0131r-kapan\u0131r sistemi sayesinde \u00e7ad\u0131r\u0131 yukar\u0131 do\u011fru a\u00e7abilirsiniz.&nbsp;<\/li>\n<\/ul>\n\n\n\n<ul class=\"wp-block-list\">\n<li>Ara\u00e7 \u00fcst\u00fc \u00e7ad\u0131rlar\u0131n i\u00e7erisinde merdiven bulunur. \u0130\u00e7lerinden \u00e7\u0131kan bu merdiven ise \u00e7ad\u0131r\u0131n hem giri\u015fi hem de destek aya\u011f\u0131 olur. \u00c7ad\u0131r\u0131 sabitlemek ve daha sonras\u0131nda \u00e7ad\u0131ra ula\u015fmak i\u00e7in merdiveni \u00e7\u0131kar\u0131p arac\u0131n yan\u0131ndan yere sabitleyebilirsiniz.&nbsp;<\/li>\n<\/ul>\n\n\n\n<ul class=\"wp-block-list\">\n<li>Kamp bitiminde \u00e7ad\u0131r\u0131 katlay\u0131p kapa\u011f\u0131n\u0131 kapatman\u0131z yeterlidir. Bu tip \u00e7ad\u0131rlar, katland\u0131\u011f\u0131nda ara\u00e7 \u00fcst\u00fcnde kompakt hale gelir. B\u00f6ylece ara\u00e7 kullan\u0131rken rahats\u0131zl\u0131k vermez.<\/li>\n<\/ul>\n\n\n\n<h2 class=\"wp-block-heading\"><strong>Ara\u00e7 \u00dcst\u00fc \u00c7ad\u0131r Her Araca Uygun mu?&nbsp;<\/strong><\/h2>\n\n\n\n<p>Ara\u00e7 \u00fcst\u00fc \u00e7ad\u0131r\u0131n araca monte edilmesi i\u00e7in ara\u00e7 \u00fczerinde tavan \u00e7\u0131talar\u0131 olmas\u0131 gerekir. Ayr\u0131ca arac\u0131n tavan ta\u015f\u0131ma kapasitesi de bu \u00e7ad\u0131r\u0131n monte edilmesi a\u00e7\u0131s\u0131ndan \u00f6nemlidir. Bu nedenle ara\u00e7 \u00fcst\u00fc \u00e7ad\u0131rlar\u0131n genel olarak tavan raylar\u0131 bulunan ve y\u00fck ta\u015f\u0131ma kapasitesi yeterli olan ara\u00e7lara uygun olaca\u011f\u0131n\u0131 s\u00f6yleyebiliriz.&nbsp;<\/p>\n\n\n\n<p>Ara\u00e7 \u00fcst\u00fc \u00e7ad\u0131rlar\u0131n arac\u0131n\u0131za uygun olup olmad\u0131\u011f\u0131n\u0131 anlamak i\u00e7in \u00e7ad\u0131r sat\u0131n almadan \u00f6nce mutlaka ara\u00e7 \u00fcreticinizden tavan y\u00fck kapasitesini \u00f6\u011frenmenizde ve \u00e7ad\u0131r \u00fcreticisinin uyumluluk listesini kontrol etmenizde fayda var.&nbsp;<\/p>\n\n\n\n<h2 class=\"wp-block-heading\"><strong>Ara\u00e7 \u00dcst\u00fc \u00c7ad\u0131r Ka\u00e7 Ki\u015filik Olur?&nbsp;<\/strong><\/h2>\n\n\n\n<p>Ara\u00e7 \u00fcst\u00fc \u00e7ad\u0131rlar genellikle iki ki\u015filik olarak \u00fcretilse de d\u00f6rt ki\u015filik kapasiteye sahip daha b\u00fcy\u00fck modelleriyle de kar\u015f\u0131la\u015fmak m\u00fcmk\u00fcn. Arac\u0131n tavan\u0131n\u0131n geni\u015fli\u011fine, y\u00fck kapasitesine ve ihtiyac\u0131n\u0131za uygun olarak farkl\u0131 kapasitelere sahip ara\u00e7 \u00fcst\u00fc \u00e7ad\u0131rlar\u0131 tercih edebilirsiniz.&nbsp;<\/p>\n\n\n\n<h2 class=\"wp-block-heading\"><strong>Ara\u00e7 \u00dcst\u00fc \u00c7ad\u0131r\u0131n Avantajlar\u0131 ve Dezavantajlar\u0131 Neler?<\/strong><\/h2>\n\n\n\n<figure class=\"wp-block-image size-full is-resized\"><img loading=\"lazy\" decoding=\"async\" width=\"724\" height=\"483\" src=\"https:\/\/www.mapfre.com.tr\/blog\/media\/2025\/05\/arac-ustu-cadirin-avantajlari-ve-dezavantajlari-neler.jpg\" alt=\"Ara\u00e7 \u00dcst\u00fc \u00c7ad\u0131r\u0131n Avantajlar\u0131 ve Dezavantajlar\u0131 Neler?\" class=\"wp-image-10395\" style=\"width:780px;height:auto\" srcset=\"https:\/\/www.mapfre.com.tr\/blog\/media\/2025\/05\/arac-ustu-cadirin-avantajlari-ve-dezavantajlari-neler.jpg 724w, https:\/\/www.mapfre.com.tr\/blog\/media\/2025\/05\/arac-ustu-cadirin-avantajlari-ve-dezavantajlari-neler-300x200.jpg 300w, https:\/\/www.mapfre.com.tr\/blog\/media\/2025\/05\/arac-ustu-cadirin-avantajlari-ve-dezavantajlari-neler-585x390.jpg 585w, https:\/\/www.mapfre.com.tr\/blog\/media\/2025\/05\/arac-ustu-cadirin-avantajlari-ve-dezavantajlari-neler-263x175.jpg 263w\" sizes=\"auto, (max-width: 724px) 100vw, 724px\" \/><\/figure>\n\n\n\n<p>Ara\u00e7 \u00fcst\u00fc \u00e7ad\u0131rlar her ne kadar pratik ve kompakt bir konaklama \u00e7\u00f6z\u00fcm\u00fc sunsa da tabii ki her kamp ekipman\u0131nda oldu\u011fu gibi ara\u00e7 \u00fcst\u00fc \u00e7ad\u0131rlar\u0131n da kendine has avantajlar\u0131 ve baz\u0131 s\u0131n\u0131rlamalar\u0131 bulunuyor. Bu nedenle arac\u0131n\u0131z\u0131 bir konaklama alan\u0131na d\u00f6n\u00fc\u015ft\u00fcrmeye karar vermeden \u00f6nce bu \u00fcr\u00fcnlerin sa\u011flad\u0131\u011f\u0131 kolayl\u0131klar\u0131 ve kar\u015f\u0131la\u015fabilece\u011finiz zorluklar\u0131 bilmenizde fayda var.&nbsp;<\/p>\n\n\n\n<p>\u201cPeki, bu \u00e7ad\u0131r\u0131n avantajlar\u0131 ve dezavantajlar\u0131 nelerdir?\u201d diyorsan\u0131z ara\u00e7 \u00fcst\u00fc \u00e7ad\u0131rlar\u0131n avantajlar\u0131n\u0131 ve dezavantajlar\u0131n\u0131 \u015fu \u015fekilde s\u0131ralayabiliriz:&nbsp;<\/p>\n\n\n\n<p><strong>Avantajlar<\/strong><\/p>\n\n\n\n<ul class=\"wp-block-list\">\n<li>Zeminle temas etmedi\u011fi i\u00e7in su bask\u0131n\u0131, ta\u015f, \u00e7amur gibi sorunlar ya\u015fanmaz.<\/li>\n\n\n\n<li>Y\u00fcksek konumda uyumak; \u00e7ad\u0131ra y\u0131lan, s\u00fcr\u00fcngen veya hayvan girme riskini azalt\u0131r.<\/li>\n\n\n\n<li>Pratik kurulum ve toplama imkan\u0131 sa\u011flar.<\/li>\n\n\n\n<li>Ara\u00e7 \u00fcst\u00fcnde ta\u015f\u0131nd\u0131\u011f\u0131 i\u00e7in bagajda yer a\u00e7ar.<\/li>\n<\/ul>\n\n\n\n<p><strong>Dezavantajlar<\/strong><\/p>\n\n\n\n<ul class=\"wp-block-list\">\n<li>Fiyatlar\u0131 genel olarak yer \u00e7ad\u0131rlar\u0131na g\u00f6re daha y\u00fcksektir.<\/li>\n\n\n\n<li>Konaklama \u00e7\u00f6z\u00fcm\u00fc de arac\u0131n\u0131z olaca\u011f\u0131 i\u00e7in ara\u00e7la seyahat etmeye ba\u011f\u0131ml\u0131 hale getirir.<\/li>\n\n\n\n<li>Her araca uyum sa\u011flamaz. Montaj i\u00e7in tavan \u00e7\u0131tas\u0131 ve belirli bir y\u00fck kapasitesi gerekir.<\/li>\n<\/ul>\n\n\n\n<p>K\u0131sacas\u0131 ara\u00e7 \u00fcst\u00fc \u00e7ad\u0131rlar\u0131n baz\u0131 dezavantajlar\u0131 bulunsa da \u00f6zellikle kamplara arac\u0131n\u0131zla giden biriyseniz sizin i\u00e7in hem \u00f6zg\u00fcrl\u00fck hem de konfor sunan bir kamp \u00e7\u00f6z\u00fcm\u00fc diyebiliriz. Tabii ki se\u00e7im yaparken arac\u0131n\u0131z\u0131n uyumlulu\u011funu, b\u00fct\u00e7enizi ve seyahat planlar\u0131n\u0131z\u0131 g\u00f6z \u00f6n\u00fcnde bulundurman\u0131zda fayda var.&nbsp;<\/p>\n\n\n\n<p>Tabii hem ula\u015f\u0131m hem de konaklama \u00e7\u00f6z\u00fcm\u00fcn\u00fcz olacak arac\u0131n\u0131z ve kendiniz i\u00e7in trafikte kar\u015f\u0131la\u015fabilece\u011finiz beklenmedik durumlara kar\u015f\u0131 \u00f6nlem almay\u0131 da unutmay\u0131n. \u201cPeki, nas\u0131l \u00f6nlem alaca\u011f\u0131m?\u201d diyorsan\u0131z MAPFRE Sigorta her zaman yan\u0131n\u0131zda.&nbsp;<\/p>\n\n\n\n<p>MAPFRE Sigorta\u2019dan kasko sigortas\u0131 yapt\u0131rarak arac\u0131n\u0131z\u0131 olas\u0131 durumlara kar\u015f\u0131 g\u00fcvence alt\u0131na alabilirsiniz. \u0130htiya\u00e7 ve taleplerinize uygun kasko sigorta poli\u00e7esini hemen olu\u015fturmak isterseniz <a href=\"https:\/\/kasko.mapfre.com.tr\/auto\/\" target=\"_blank\" rel=\"noreferrer noopener\">kasko sigortas\u0131 teklif sayfam\u0131z\u0131<\/a> ziyaret edebilirsiniz.<\/p>\n\n\n\n<p>Kamp yaparken hayat\u0131n\u0131z\u0131 kolayla\u015ft\u0131racak kamp uygulamalar\u0131n\u0131 ke\u015ffetmek isterseniz de \u201c<a href=\"https:\/\/www.mapfre.com.tr\/blog\/yasa\/kolaylik-saglayacak-kamp-uygulamalari\/\">Kamp Yaparken <\/a><a href=\"https:\/\/www.mapfre.com.tr\/blog\/yasa\/kolaylik-saglayacak-kamp-uygulamalari\/\" target=\"_blank\" rel=\"noreferrer noopener\">K<\/a><a href=\"https:\/\/www.mapfre.com.tr\/blog\/yasa\/kolaylik-saglayacak-kamp-uygulamalari\/\">olayl\u0131k Sa\u011flayacak 5 Kamp Uygulamas\u0131<\/a>\u201d yaz\u0131m\u0131z\u0131 okuyabilirsiniz.<\/p>\n\n\n\n<p>MAPFRE Sigorta<\/p>\n","protected":false},"excerpt":{"rendered":"<p>Do\u011fayla i\u00e7 i\u00e7e, konforlu kamp deneyimi i\u00e7in ara\u00e7 \u00fcst\u00fc \u00e7ad\u0131rlar\u0131 ke\u015ffedin. Kurulumundan avantajlar\u0131na kadar bilmeniz gereken t\u00fcm detaylar blog yaz\u0131m\u0131zda!<\/p>\n","protected":false},"author":20,"featured_media":10393,"comment_status":"closed","ping_status":"open","sticky":false,"template":"","format":"standard","meta":{"footnotes":""},"categories":[1969,887],"tags":[917,899],"class_list":["post-10392","post","type-post","status-publish","format-standard","has-post-thumbnail","hentry","category-seyahat-ve-yolculuk","category-yasa","tag-gezi","tag-ipucu"],"_links":{"self":[{"href":"https:\/\/www.mapfre.com.tr\/blog\/wp-json\/wp\/v2\/posts\/10392","targetHints":{"allow":["GET"]}}],"collection":[{"href":"https:\/\/www.mapfre.com.tr\/blog\/wp-json\/wp\/v2\/posts"}],"about":[{"href":"https:\/\/www.mapfre.com.tr\/blog\/wp-json\/wp\/v2\/types\/post"}],"author":[{"embeddable":true,"href":"https:\/\/www.mapfre.com.tr\/blog\/wp-json\/wp\/v2\/users\/20"}],"replies":[{"embeddable":true,"href":"https:\/\/www.mapfre.com.tr\/blog\/wp-json\/wp\/v2\/comments?post=10392"}],"version-history":[{"count":2,"href":"https:\/\/www.mapfre.com.tr\/blog\/wp-json\/wp\/v2\/posts\/10392\/revisions"}],"predecessor-version":[{"id":10419,"href":"https:\/\/www.mapfre.com.tr\/blog\/wp-json\/wp\/v2\/posts\/10392\/revisions\/10419"}],"wp:featuredmedia":[{"embeddable":true,"href":"https:\/\/www.mapfre.com.tr\/blog\/wp-json\/wp\/v2\/media\/10393"}],"wp:attachment":[{"href":"https:\/\/www.mapfre.com.tr\/blog\/wp-json\/wp\/v2\/media?parent=10392"}],"wp:term":[{"taxonomy":"category","embeddable":true,"href":"https:\/\/www.mapfre.com.tr\/blog\/wp-json\/wp\/v2\/categories?post=10392"},{"taxonomy":"post_tag","embeddable":true,"href":"https:\/\/www.mapfre.com.tr\/blog\/wp-json\/wp\/v2\/tags?post=10392"}],"curies":[{"name":"wp","href":"https:\/\/api.w.org\/{rel}","templated":true}]}}