{"id":2433,"date":"2019-01-22T08:02:51","date_gmt":"2019-01-22T08:02:51","guid":{"rendered":"https:\/\/www.mapfre.com.tr\/blog\/?p=2433"},"modified":"2024-09-18T12:55:07","modified_gmt":"2024-09-18T12:55:07","slug":"2019-ev-dekorasyon-trendleri","status":"publish","type":"post","link":"https:\/\/www.mapfre.com.tr\/blog\/yasa\/2019-ev-dekorasyon-trendleri\/","title":{"rendered":"Yeni Bir Y\u0131l, Yeni Bir Ev: 2019 Ev Dekorasyonu Trendleri"},"content":{"rendered":"\n<p>Her sezon yenilenen ev dekorasyon trendleri, ya\u015fam alanlar\u0131n\u0131za yepyeni bir g\u00f6r\u00fcn\u00fcm kazand\u0131rman\u0131za yard\u0131mc\u0131 olurken evlerinde modern ve g\u00f6z al\u0131c\u0131 bir atmosfer yaratmak isteyenler i\u00e7in en pratik \u00e7\u00f6z\u00fcmleri sunmay\u0131 ba\u015far\u0131yor. Peki 2019 ev dekorasyonu trendleri aras\u0131nda hangi ayr\u0131nt\u0131 ve tasar\u0131mlar \u00f6n plana \u00e7\u0131kacak? Yeni y\u0131l\u0131n ilk ay\u0131 tamamlanmadan bu g\u00f6z al\u0131c\u0131 trendlere g\u00f6z at\u0131p ev dekorasyonunuzu yenilemek isterseniz hemen yaz\u0131m\u0131za g\u00f6z at\u0131n!<br>E\u015fyalarda ve dekorasyondaki do\u011fall\u0131k aray\u0131\u015f\u0131 yeni sezonda da etkisini g\u00f6stermeye devam ediyor. Renklerden kullan\u0131lan materyallere, mobilyadan dekoratif objelere kadar t\u00fcm detaylar sadelik ekseninde diyebiliriz. Ev dekorasyonlar\u0131nda ah\u015fap, cam ve ta\u015f gibi geleneksel ev dekorasyonu malzemeleri vurgulan\u0131rken; do\u011fal oldu\u011fu kadar ak\u0131ll\u0131, s\u00fcrd\u00fcr\u00fclebilir, dayan\u0131kl\u0131 ve fonksiyonel tasar\u0131mlar da dikkat \u00e7ekiyor.<\/p>\n\n\n\n<figure class=\"wp-block-image\"><img loading=\"lazy\" decoding=\"async\" width=\"1000\" height=\"667\" src=\"https:\/\/www.mapfre.com.tr\/blog\/media\/2019\/01\/ev-dekorasyonu-ahsap.jpg\" alt=\"\" class=\"wp-image-2437\" srcset=\"https:\/\/www.mapfre.com.tr\/blog\/media\/2019\/01\/ev-dekorasyonu-ahsap.jpg 1000w, https:\/\/www.mapfre.com.tr\/blog\/media\/2019\/01\/ev-dekorasyonu-ahsap-300x200.jpg 300w, https:\/\/www.mapfre.com.tr\/blog\/media\/2019\/01\/ev-dekorasyonu-ahsap-768x512.jpg 768w, https:\/\/www.mapfre.com.tr\/blog\/media\/2019\/01\/ev-dekorasyonu-ahsap-585x390.jpg 585w\" sizes=\"auto, (max-width: 1000px) 100vw, 1000px\" \/><\/figure>\n\n\n\n<h2 class=\"wp-block-heading\"><strong>Ah\u015fap ile Daha S\u0131cak Mekanlar&nbsp;<\/strong><\/h2>\n\n\n\n<p>\u0130\u00e7 mekanlarda do\u011fal tarzdan bahsedildi\u011finde ilk akla gelen detay ku\u015fkusuz ah\u015fap malzemeler. Bulundu\u011fu ortamda samimi, s\u0131cak bir atmosfer yaratmas\u0131 ve en \u00f6nemlisi sa\u011flaml\u0131k a\u00e7\u0131s\u0131ndan beklentileri kar\u015f\u0131lamas\u0131 ah\u015fab\u0131 her sezonda vazge\u00e7ilmez k\u0131l\u0131yor. Ancak yeni sezonda beyaz ah\u015fap, yerini daha \u00e7ok cilas\u0131z ve a\u00e7\u0131k tonlu tasar\u0131mlara b\u0131rak\u0131yor. \u0130skandinav ev stiline \u00e7a\u011fr\u0131\u015f\u0131m yapan ah\u015fap detaylar\u0131, evinizin mutfak ve salon gibi t\u00fcm alanlar\u0131nda kullanabilirsiniz.<\/p>\n\n\n\n<h2 class=\"wp-block-heading\"><strong>Dingin ve S\u0131ra D\u0131\u015f\u0131Mekanlar i\u00e7in Mermer Y\u00fczeyler<\/strong><\/h2>\n\n\n\n<figure class=\"wp-block-image\"><img loading=\"lazy\" decoding=\"async\" width=\"625\" height=\"423\" src=\"https:\/\/www.mapfre.com.tr\/blog\/media\/2019\/01\/mermer-masa.jpg\" alt=\"\" class=\"wp-image-2440\" srcset=\"https:\/\/www.mapfre.com.tr\/blog\/media\/2019\/01\/mermer-masa.jpg 625w, https:\/\/www.mapfre.com.tr\/blog\/media\/2019\/01\/mermer-masa-300x203.jpg 300w, https:\/\/www.mapfre.com.tr\/blog\/media\/2019\/01\/mermer-masa-585x396.jpg 585w\" sizes=\"auto, (max-width: 625px) 100vw, 625px\" \/><\/figure>\n\n\n\n<p>Zemin ve y\u00fczey dekorasyonlar\u0131nda bu y\u0131l s\u0131k\u00e7a g\u00f6rece\u011finiz en favori malzemelerden bir tanesi de mermer. \u00d6zellikle banyo ve mutfak dekorasyonlar\u0131nda ve mobilya ayr\u0131nt\u0131lar\u0131nda dikkati \u00e7eken bu sa\u011flam malzeme, zarif g\u00f6r\u00fcn\u00fcm\u00fc kadar do\u011fall\u0131\u011f\u0131 sayesinde de evinize dingin bir atmosfer kazand\u0131r\u0131yor.<\/p>\n\n\n\n<h2 class=\"wp-block-heading\"><strong>Tazelik Evde Ba\u015flar: Ev Bitkileri<\/strong><\/h2>\n\n\n\n<figure class=\"wp-block-image\"><img loading=\"lazy\" decoding=\"async\" width=\"1000\" height=\"667\" src=\"https:\/\/www.mapfre.com.tr\/blog\/media\/2019\/01\/ev-bitkileri-1.jpg\" alt=\"\" class=\"wp-image-2577\" srcset=\"https:\/\/www.mapfre.com.tr\/blog\/media\/2019\/01\/ev-bitkileri-1.jpg 1000w, https:\/\/www.mapfre.com.tr\/blog\/media\/2019\/01\/ev-bitkileri-1-300x200.jpg 300w, https:\/\/www.mapfre.com.tr\/blog\/media\/2019\/01\/ev-bitkileri-1-768x512.jpg 768w, https:\/\/www.mapfre.com.tr\/blog\/media\/2019\/01\/ev-bitkileri-1-585x390.jpg 585w\" sizes=\"auto, (max-width: 1000px) 100vw, 1000px\" \/><\/figure>\n\n\n\n<p>Ye\u015fil bitkiler, ferah bir g\u00f6r\u00fcn\u00fcm sa\u011flamalar\u0131n\u0131n yan\u0131 s\u0131ra ev dekorasyonunuzu tek bir dokunu\u015fla bir \u015fahesere d\u00f6n\u00fc\u015ft\u00fcrme \u015fans\u0131 tan\u0131r. T\u00fcm sezon trendlerine etki eden do\u011fall\u0131k konsepti bu y\u0131l ye\u015fil bitkilere evimizde her zamankinden daha \u00e7ok yer a\u00e7mam\u0131z\u0131 \u00f6\u011f\u00fctl\u00fcyor.<\/p>\n\n\n\n<p>\u00dcstelik al\u0131\u015f\u0131ld\u0131k mekanlar\u0131n d\u0131\u015f\u0131nda &#8220;s\u0131n\u0131rlar\u0131&#8221; a\u015f\u0131p farkl\u0131 alanlarda da ev bitkilerine yer vermeniz m\u00fcmk\u00fcn. Banyolar\u0131n\u0131z\u0131 aloe vera \u00e7i\u00e7ekleriyle, salon veya oturma odalar\u0131n\u0131z\u0131 Afrika menek\u015fesi, \u015feflera ve bar\u0131\u015f \u00e7i\u00e7e\u011fi gibi ye\u015filliklerle donatabilirsiniz. \u00c7al\u0131\u015fma odalar\u0131n\u0131z\u0131 ise kakt\u00fcs sayesinde daha dinlendirici bir ortama \u00e7evirebilirsiniz.<\/p>\n\n\n\n<h2 class=\"wp-block-heading\">I\u015f\u0131lt\u0131l\u0131 Hal\u0131lar ve Leke Tutmayan Yal\u0131n Kuma\u015flar<\/h2>\n\n\n\n<figure class=\"wp-block-image\"><img loading=\"lazy\" decoding=\"async\" width=\"1024\" height=\"683\" src=\"https:\/\/www.mapfre.com.tr\/blog\/media\/2019\/01\/hali-modelleri-1024x683-1-1024x683.jpg\" alt=\"\" class=\"wp-image-2593\" srcset=\"https:\/\/www.mapfre.com.tr\/blog\/media\/2019\/01\/hali-modelleri-1024x683-1.jpg 1024w, https:\/\/www.mapfre.com.tr\/blog\/media\/2019\/01\/hali-modelleri-1024x683-1-300x200.jpg 300w, https:\/\/www.mapfre.com.tr\/blog\/media\/2019\/01\/hali-modelleri-1024x683-1-768x512.jpg 768w, https:\/\/www.mapfre.com.tr\/blog\/media\/2019\/01\/hali-modelleri-1024x683-1-585x390.jpg 585w\" sizes=\"auto, (max-width: 1024px) 100vw, 1024px\" \/><\/figure>\n\n\n\n<p>Hal\u0131 modellerinde y\u0131llard\u0131r al\u0131\u015f\u0131k oldu\u011fumuz sade tasar\u0131mlar, 2019 ev dekorasyonu ile birlikte yerini daha parlak ve g\u00f6steri\u015fli tasar\u0131mlara b\u0131rak\u0131yor. I\u015f\u0131\u011f\u0131 yakalayan ve parlak bir g\u00f6r\u00fcn\u00fcm sunan bu hal\u0131 modelleri daha alternatif ev dekorasyonlar\u0131nda bile kullanabilmeniz m\u00fcmk\u00fcn. Dekoratif boya efektleriyle s\u00fcslenen bu yeni modellere, ilkbahar ve yaz d\u00f6nemlerinde evinizde mutlaka yer a\u00e7mal\u0131s\u0131n\u0131z!&nbsp;<\/p>\n\n\n\n<p>Sezona g\u00fc\u00e7l\u00fc bir giri\u015f yapan \u00fc\u00e7 kuma\u015f \u00e7e\u015fidi keten, j\u00fct ve kadife. \u00d6zellikle kadifenin etkisini yatak \u00f6rt\u00fclerinden nevresimlere, perdelerden masa \u00f6rt\u00fclerine kadar t\u00fcm tekstil \u00fcr\u00fcnlerinde hissedebileceksiniz. Kadife kuma\u015f\u0131n a\u011f\u0131rl\u0131kta oldu\u011fu ev dekorasyonunuza alt\u0131n renkteki objelerle haraket kazand\u0131rabilirsiniz. <\/p>\n\n\n\n<p>J\u00fct ve keten kuma\u015flar\u0131n as\u0131l kullan\u0131lma amac\u0131 ise \u00e7evre dostu s\u00fcrd\u00fcr\u00fclebilir \u00fcr\u00fcnlere olan y\u00f6nelimi artt\u0131rmak. K\u0131rlent, kilim ve duvar asmalar\u0131 gibi t\u00fcm ev dekorasyonu s\u00fcsleri \u00fczerinde keten ve j\u00fct a\u011f\u0131rl\u0131kl\u0131 kuma\u015flar\u0131 g\u00f6n\u00fcl rahatl\u0131\u011f\u0131yla kullanabilirsiniz.&nbsp;<\/p>\n\n\n\n<h2 class=\"wp-block-heading\">Bu Y\u0131l\u0131n Favori \u0130kilisi: Ada\u00e7ay\u0131 Ye\u015fili ve Mat Siyah<\/h2>\n\n\n\n<figure class=\"wp-block-image\"><img loading=\"lazy\" decoding=\"async\" width=\"1000\" height=\"667\" src=\"https:\/\/www.mapfre.com.tr\/blog\/media\/2019\/01\/ev-tekstili-1.jpg\" alt=\"\" class=\"wp-image-2579\" srcset=\"https:\/\/www.mapfre.com.tr\/blog\/media\/2019\/01\/ev-tekstili-1.jpg 1000w, https:\/\/www.mapfre.com.tr\/blog\/media\/2019\/01\/ev-tekstili-1-300x200.jpg 300w, https:\/\/www.mapfre.com.tr\/blog\/media\/2019\/01\/ev-tekstili-1-768x512.jpg 768w, https:\/\/www.mapfre.com.tr\/blog\/media\/2019\/01\/ev-tekstili-1-585x390.jpg 585w\" sizes=\"auto, (max-width: 1000px) 100vw, 1000px\" \/><\/figure>\n\n\n\n<p>Ge\u00e7ti\u011fimiz y\u0131l ev dekorasyonunda s\u0131kl\u0131kla kar\u015f\u0131m\u0131za \u00e7\u0131kan ye\u015fil, 2019\u2019da yerini ye\u015fil-gri aras\u0131 bir renk tonuna b\u0131rak\u0131yor. Ada\u00e7ay\u0131 ye\u015fili olarak adland\u0131r\u0131lan bu renk tonunun hem a\u00e7\u0131k hem de koyu tonlar\u0131n\u0131 bu y\u0131l s\u0131kl\u0131kla kar\u015f\u0131la\u015fabilirsiniz.&nbsp;<\/p>\n\n\n\n<p><br>Siyah\u0131n asil g\u00f6r\u00fcn\u00fcm\u00fcn\u00fc bu y\u0131l giyim modas\u0131ndan dekorasyon d\u00fcnyas\u0131na ta\u015f\u0131ma zaman\u0131! Dekorasyon trendleri listesinde nadir zamanlarda kar\u015f\u0131la\u015ft\u0131\u011f\u0131n\u0131z bu renk 2019 itibariyle \u00f6nyarg\u0131lar\u0131n\u0131z\u0131 y\u0131kmaya haz\u0131r. ADaha \u00e7ok mat g\u00f6r\u00fcn\u00fcml\u00fc siyah\u0131n a\u011f\u0131rl\u0131kta olaca\u011f\u0131 bu d\u00f6nemde, bu m\u00fcthi\u015f rengi beyaz tonlar\u0131yla birlikte tercih ederek mekanlar\u0131n\u0131zda kontrast bir g\u00f6r\u00fcn\u00fcm sunabilirsiniz.<\/p>\n\n\n\n<h2 class=\"wp-block-heading\">Kapitone Diki\u015fli Frans\u0131z Yatak Ba\u015fl\u0131klar\u0131<\/h2>\n\n\n\n<p>Ferforje, metal ve ah\u015fap derken \u015fimdi de s\u0131ra kapitone diki\u015fli ba\u015fl\u0131klarda\u2026 Yatak ba\u015fl\u0131klar\u0131nda da t\u0131pk\u0131 yatak gibi rahatl\u0131\u011f\u0131n \u00f6n planda olmas\u0131 gerekti\u011fini d\u00fc\u015f\u00fcnen tasar\u0131mc\u0131lar, son d\u00f6nemlerde kadife vb. yumu\u015fak dokulara sahip yatak ba\u015fl\u0131\u011f\u0131 modellerine odaklan\u0131yor.<\/p>\n\n\n\n<p>Ba\u015fl\u0131klar\u0131n kapitone diki\u015fli tasar\u0131mlar\u0131 ise daha \u00e7ok Frans\u0131z tarz\u0131n\u0131 and\u0131r\u0131yor. Klasik ev dekorasyonu hayran\u0131ysan\u0131z bu kapitone ba\u015fl\u0131klar\u0131, kadife kuma\u015f Josephine koltu\u011fuyla kombinleyerek yatak odan\u0131za son derece ihti\u015faml\u0131 bir hava katabilirsiniz.  <\/p>\n\n\n\n<h2 class=\"wp-block-heading\"><strong>Keskin \u00c7izgilere Son:Yumu\u015fak Ge\u00e7i\u015fler Esnek ve Geometrik Formlar<\/strong><\/h2>\n\n\n\n<figure class=\"wp-block-image\"><img loading=\"lazy\" decoding=\"async\" width=\"1000\" height=\"667\" src=\"https:\/\/www.mapfre.com.tr\/blog\/media\/2019\/01\/mutfak-dekorasyonu-1.jpg\" alt=\"\" class=\"wp-image-2582\" srcset=\"https:\/\/www.mapfre.com.tr\/blog\/media\/2019\/01\/mutfak-dekorasyonu-1.jpg 1000w, https:\/\/www.mapfre.com.tr\/blog\/media\/2019\/01\/mutfak-dekorasyonu-1-300x200.jpg 300w, https:\/\/www.mapfre.com.tr\/blog\/media\/2019\/01\/mutfak-dekorasyonu-1-768x512.jpg 768w, https:\/\/www.mapfre.com.tr\/blog\/media\/2019\/01\/mutfak-dekorasyonu-1-585x390.jpg 585w\" sizes=\"auto, (max-width: 1000px) 100vw, 1000px\" \/><\/figure>\n\n\n\n<p>\u00d6zellikle mobilya ve ev tekstilindeki geometrik etkiler bu y\u0131l yerini daha yumu\u015fak ve esnak formlara b\u0131rak\u0131yor.&nbsp;Sandalyelerden masalara, oturma gruplar\u0131ndan sehpalara kadar t\u00fcm mobilyalarda daha \u00e7ok yuvarlak ve ak\u0131c\u0131 tasar\u0131mlar evinizin kal\u0131c\u0131 misafiri olmaya haz\u0131r.&nbsp;<br>\u00dcstelik bu oval ve esnek detaylar, ayna ve \u00e7er\u00e7eve gibi daha ufak dekoratif objelerde dahi kendini g\u00f6sterecek. Bu trendi ba\u015far\u0131l\u0131 bir bi\u00e7imde uygulamak i\u00e7in; tarz\u0131n\u0131z\u0131 yans\u0131tan minimal bir kanepe tak\u0131m\u0131n\u0131, geometrik lambalarla ve vazolarla kombine ederekson derece \u015f\u0131k ve tamamlay\u0131c\u0131 bir dekorasyon havas\u0131 yakalayabilirsiniz.<\/p>\n\n\n\n<h2 class=\"wp-block-heading\">Mozaik Duvar S\u00fcslemeleriyle 80\u2019lere D\u00f6n\u00fc\u015f<\/h2>\n\n\n\n<p style=\"text-align:left\">\u0130lk kez 80\u2019li y\u0131llarda beyaz duvar ta\u015flar\u0131ndan a\u015fina oldu\u011fumuz mozaik desenler bu y\u0131l; banyo ve mutfak duvarlar\u0131ndan \u015f\u00f6mine s\u00fcslemelerine, ayd\u0131nlatmalar ve tekstil gibi di\u011fer dekoratif ayr\u0131nt\u0131lara dek s\u0131kl\u0131kla kar\u015f\u0131n\u0131za \u00e7\u0131kacak.&nbsp;<\/p>\n\n\n\n<h2 class=\"wp-block-heading\"><strong>Pastel Renk Tonlar\u0131yla Ferahl\u0131k&nbsp;<\/strong><\/h2>\n\n\n\n<figure class=\"wp-block-image\"><img loading=\"lazy\" decoding=\"async\" width=\"1000\" height=\"667\" src=\"https:\/\/www.mapfre.com.tr\/blog\/media\/2019\/01\/pastel-renk-ev-dekorasyonu-1.jpg\" alt=\"\" class=\"wp-image-2585\" srcset=\"https:\/\/www.mapfre.com.tr\/blog\/media\/2019\/01\/pastel-renk-ev-dekorasyonu-1.jpg 1000w, https:\/\/www.mapfre.com.tr\/blog\/media\/2019\/01\/pastel-renk-ev-dekorasyonu-1-300x200.jpg 300w, https:\/\/www.mapfre.com.tr\/blog\/media\/2019\/01\/pastel-renk-ev-dekorasyonu-1-768x512.jpg 768w, https:\/\/www.mapfre.com.tr\/blog\/media\/2019\/01\/pastel-renk-ev-dekorasyonu-1-585x390.jpg 585w\" sizes=\"auto, (max-width: 1000px) 100vw, 1000px\" \/><\/figure>\n\n\n\n<p>\u201cTatl\u0131 dondurma renkleri\u201d olarak bilinen pastel tonlar her y\u0131l oldu\u011fu gibi bu y\u0131l da favoriler aras\u0131nda. Pudra pembe, indigo ve bebek mavisi, nane ye\u015fili, en \u00e7ok rastlayabilece\u011finiz renk se\u00e7eneklerinden birka\u00e7\u0131n\u0131 olu\u015fturuyor. <br>Dekorasyonunuzda sevimli ve ferah bir g\u00f6r\u00fcn\u00fcm olu\u015fturan bu g\u00fczel renkleri, ister tek isterseniz \u201cton s\u00fcr ton\u201d etkisi yaratmak i\u00e7in kar\u0131\u015f\u0131k olarak kullanabilirsiniz.&nbsp;<\/p>\n\n\n\n<h2 class=\"wp-block-heading\">Tropikal ve Ombre Bask\u0131lar <\/h2>\n\n\n\n<p>Ayn\u0131 rengin a\u00e7\u0131k ve koyu tonunun birlikte kullan\u0131lmas\u0131n\u0131 ifade eden ombre desenini; abajur, minder, kilim ve tablo gibi t\u00fcm dekoratif detaylarda g\u00f6rebileceksiniz. Yeni sezonda do\u011fal tarza vurgu yapan bir di\u011fer desen se\u00e7ene\u011fi ise tropikal \u00e7izgiler. G\u00fcne\u015fin etkili oldu\u011fu yaz aylar\u0131nda, yazl\u0131k mekanlar\u0131n\u0131z\u0131 s\u0131cak \u00fclkelerdeki tropikal esintilerden \u00f6rnek alarak ba\u015ftan yaratabilirsiniz. \u00d6rne\u011fin; terra cotta zemin d\u00f6\u015femelerinin yer ald\u0131\u011f\u0131 bir mekana ah\u015fap mobilyalar ekleyerek ye\u015fil, krem, mavi, sar\u0131 ve kiremit tonlar\u0131n\u0131n hakimiyetinde g\u00fczel bir tropik ev stilini hayata ge\u00e7irebilirsiniz. <\/p>\n\n\n\n<h2 class=\"wp-block-heading\">Uzak Do\u011fu Asya Esintileri: El Boyamas\u0131 Etnik Desenler<\/h2>\n\n\n\n<p>Bohem stilin yap\u0131 ta\u015flar\u0131n\u0131 olu\u015fturan etnik desenler bu y\u0131l da mutfak e\u015fyalar\u0131yla kendini g\u00f6sterm\u00f6ere haz\u0131rlan\u0131yor. Hardal rengi, kremit rengi vb. tonlarda \u00fcretilen ve el i\u015f\u00e7ili\u011fiyle haz\u0131rlanan b\u00fcy\u00fck pasta tabaklar\u0131, bardaklar, \u00e7orba kaseleri, Amerikan servisleri ve masa \u00f6rt\u00fcleriyle sevdiklerinize hem alternaif hem de g\u00f6z al\u0131c\u0131 sofralar haz\u0131rlayabilirsiniz. <\/p>\n\n\n\n<h2 class=\"wp-block-heading\"><strong>Ergonomik Kullan\u0131m Sunan Kompakt Mobilyalar<\/strong><\/h2>\n\n\n\n<p>Son g\u00fcnlerde yaln\u0131zca ev dekorasyonlar\u0131n\u0131n de\u011fil ortak \u00e7al\u0131\u015fma alanlar\u0131 ve ofislerin de vazge\u00e7ilmezi haline gelen \u00e7ok fonksiyonlu mobilyalar, 2019 itibar\u0131yla&nbsp;daha da pop\u00fcler hale geliyor. Kanepe, mutfak masalar\u0131, gard\u0131roplar ve hatta bebek yataklar\u0131 bile&nbsp;art\u0131k kompakt ve fonksiyonel bir tasar\u0131ma b\u00fcr\u00fcn\u00fcyor. G\u00f6\u00e7ebe ya\u015fant\u0131dan esinlenerek ortaya \u00e7\u0131kan ve&nbsp; genellikle yer tasarrufu ama\u00e7l\u0131 tercih edilen bu tasar\u0131mlar \u00f6zellikle k\u00fc\u00e7\u00fck dairelerde muhte\u015fem \u00e7\u00f6z\u00fcmler sunuyor.<\/p>\n","protected":false},"excerpt":{"rendered":"<p>Her sezon yenilenen ev dekorasyon trendleri, ya\u015fam alanlar\u0131n\u0131za yepyeni bir g\u00f6r\u00fcn\u00fcm kazand\u0131rman\u0131za yard\u0131mc\u0131 olurken evlerinde modern ve g\u00f6z al\u0131c\u0131 bir&hellip;<\/p>\n","protected":false},"author":3,"featured_media":2436,"comment_status":"closed","ping_status":"open","sticky":false,"template":"","format":"standard","meta":{"footnotes":""},"categories":[887],"tags":[893,896],"class_list":["post-2433","post","type-post","status-publish","format-standard","has-post-thumbnail","hentry","category-yasa","tag-ev-dekorasyon","tag-kendin-yap"],"_links":{"self":[{"href":"https:\/\/www.mapfre.com.tr\/blog\/wp-json\/wp\/v2\/posts\/2433","targetHints":{"allow":["GET"]}}],"collection":[{"href":"https:\/\/www.mapfre.com.tr\/blog\/wp-json\/wp\/v2\/posts"}],"about":[{"href":"https:\/\/www.mapfre.com.tr\/blog\/wp-json\/wp\/v2\/types\/post"}],"author":[{"embeddable":true,"href":"https:\/\/www.mapfre.com.tr\/blog\/wp-json\/wp\/v2\/users\/3"}],"replies":[{"embeddable":true,"href":"https:\/\/www.mapfre.com.tr\/blog\/wp-json\/wp\/v2\/comments?post=2433"}],"version-history":[{"count":4,"href":"https:\/\/www.mapfre.com.tr\/blog\/wp-json\/wp\/v2\/posts\/2433\/revisions"}],"predecessor-version":[{"id":2594,"href":"https:\/\/www.mapfre.com.tr\/blog\/wp-json\/wp\/v2\/posts\/2433\/revisions\/2594"}],"wp:featuredmedia":[{"embeddable":true,"href":"https:\/\/www.mapfre.com.tr\/blog\/wp-json\/wp\/v2\/media\/2436"}],"wp:attachment":[{"href":"https:\/\/www.mapfre.com.tr\/blog\/wp-json\/wp\/v2\/media?parent=2433"}],"wp:term":[{"taxonomy":"category","embeddable":true,"href":"https:\/\/www.mapfre.com.tr\/blog\/wp-json\/wp\/v2\/categories?post=2433"},{"taxonomy":"post_tag","embeddable":true,"href":"https:\/\/www.mapfre.com.tr\/blog\/wp-json\/wp\/v2\/tags?post=2433"}],"curies":[{"name":"wp","href":"https:\/\/api.w.org\/{rel}","templated":true}]}}