{"id":3073,"date":"2019-03-26T20:04:38","date_gmt":"2019-03-26T20:04:38","guid":{"rendered":"https:\/\/www.mapfre.com.tr\/blog\/?p=3073"},"modified":"2024-09-18T12:54:42","modified_gmt":"2024-09-18T12:54:42","slug":"ebeveynlerin-dikkatine-cocuklar-icin-sosyal-medya-kullanim-rehberi","status":"publish","type":"post","link":"https:\/\/www.mapfre.com.tr\/blog\/yasa\/iyi-yasam\/ebeveynlerin-dikkatine-cocuklar-icin-sosyal-medya-kullanim-rehberi\/","title":{"rendered":"Ebeveynlerin Dikkatine! \u00c7ocuklar \u0130\u00e7in Sosyal Medya Kullan\u0131m Rehberi"},"content":{"rendered":"<p>Sosyal medya uygulamalar\u0131 hem gen\u00e7ler hem de \u00e7ocuklar aras\u0131ndaki pop\u00fclerli\u011fini b\u00fcy\u00fck bir h\u0131zla art\u0131rmaya devam ediyor! Uzmanlar, dijital cihazlar\u0131n ve \u00e7ok fazla sosyal medya kullan\u0131m\u0131n\u0131n \u00e7ocuklar ve gen\u00e7ler i\u00e7in zararl\u0131 olabilece\u011fi konusunda ebeveynleri s\u0131kl\u0131kla uyar\u0131yor. Bu d\u00fc\u015f\u00fcnceleri payla\u015fan ebeveynler ise \u00e7ocuklar\u0131n\u0131n ak\u0131ll\u0131 telefon ve sosyal medya al\u0131\u015fkanl\u0131klar\u0131 hakk\u0131nda endi\u015feye kap\u0131labiliyor. <!--more--><\/p>\n\n\n<p>Art\u0131k hayat\u0131m\u0131z\u0131n her alan\u0131nda sosyal medya varken \u00e7ocuklar\u0131 bundan uzak tutmak olduk\u00e7a zor. Bu y\u00fczden tamamen yasaklamak yerine anne ve babalar taraf\u0131ndan \u00e7ocuklar\u0131n sosyal medya kullan\u0131m\u0131na belli s\u0131n\u0131rlar getirilmesi daha mant\u0131kl\u0131 g\u00f6r\u00fcn\u00fcyor. Peki, nas\u0131l bir yol izlenmeli? Beraber g\u00f6z atal\u0131m:<br><\/p>\n\n\n\n<h2 class=\"wp-block-heading\"><strong>Sosyal Medya Kullanma S\u00fcresi Ne Kadar Olmal\u0131?<\/strong><\/h2>\n\n\n\n<p>Sosyal medya, \u00e7ocuklar\u0131n arkada\u015flar\u0131 ile ba\u011flant\u0131 kurmas\u0131na ve \u00e7evresinde neler olup bitti\u011finden haberdar olmas\u0131na yard\u0131mc\u0131 oluyor. UNICEF taraf\u0131ndan yap\u0131lan &#8221;<a href=\"http:\/\/www.unicef.org.tr\/files\/bilgimerkezi\/doc\/SOWC_2017_SUM_TR.pdf\" target=\"_blank\" rel=\"noreferrer noopener\" aria-label=\" (opens in a new tab)\">Dijital D\u00fcnyada \u00c7ocuklar<\/a>&#8221; isimli bir \u00e7al\u0131\u015fma, sosyal medyada belirli bir zaman ge\u00e7irmenin \u00e7ocuklar i\u00e7in ger\u00e7ekten iyi oldu\u011funu ve dijital teknolojinin \u00e7ocuklar\u0131n sosyal ili\u015fkileri i\u00e7in faydal\u0131 oldu\u011funu ortaya koyuyor. Bilin\u00e7li bir \u015fekilde kullan\u0131lan sosyal medya, \u00e7ocuklar\u0131n akranlar\u0131yla ili\u015fkileri ve genel ileti\u015fim becerileri a\u00e7\u0131s\u0131ndan olumlu kar\u015f\u0131lan\u0131yor. Instagram gibi platformlar, \u00e7ocuklara kendilerini yarat\u0131c\u0131 bir \u015fekilde ifade etmek i\u00e7in ilham veriyor ve ba\u015fkalar\u0131n\u0131n ba\u015far\u0131lar\u0131n\u0131 takdir etmelerini sa\u011fl\u0131yor. Ancak t\u00fcm faydalara ra\u011fmen ebeveynlerin, siber zorbal\u0131k ve uygunsuz i\u00e7eriklere maruz kalma potansiyelinin de fark\u0131nda olmalar\u0131 gerekiyor.<br><\/p>\n\n\n\n<p>Maalesef 18 ya\u015f alt\u0131ndaki \u00e7ocuklar, kendilerini tehlikeye atmakta olan \u00e7evrimi\u00e7i davran\u0131\u015flar\u0131n\u0131n sonu\u00e7lar\u0131n\u0131 fark edemeyebiliyor. \u00dcstelik sanal d\u00fcnyada \u00e7ok fazla zaman harcamak, zihin sa\u011fl\u0131\u011f\u0131na da zarar verebiliyor. Bu noktada, \u00e7ocuklara ortaya \u00e7\u0131kabilecek riskleri nas\u0131l y\u00f6netebileceklerini g\u00f6stermek ise ebeveynlere d\u00fc\u015f\u00fcyor.<\/p>\n\n\n\n<p>Bug\u00fcn ortalama bir gen\u00e7, ekran ba\u015f\u0131nda -neredeyse tam zamanl\u0131 bir i\u015f gibi- yakla\u015f\u0131k 9 saat harc\u0131yor. Ara\u015ft\u0131rmalar, sosyal medyada g\u00fcnde 2 saat ge\u00e7irmenin \u00e7ocuklar aras\u0131nda &nbsp;kayg\u0131 ve mutsuzlu\u011fa katk\u0131da bulundu\u011funu ortaya koyuyor. Bu gibi sorunlar\u0131 ya\u015famamak ve sa\u011fl\u0131kl\u0131 zihinsel s\u00fcre\u00e7ler i\u00e7in uzmanlar, her g\u00fcn 60 ila 90 dakika aras\u0131nda bir sosyal medya kullanma limiti \u00f6neriyor. Di\u011fer saatlerin arkada\u015flar, spor aktiviteleri, sosyal etkinlikler, \u00e7al\u0131\u015fmalar ve aile ile y\u00fcz y\u00fcze saatlerle doldurulmas\u0131 tavsiye ediliyor.<br><\/p>\n\n\n\n<h2 class=\"wp-block-heading\"><strong>\u00c7ocuklar\u0131n Sosyal Medya Kullan\u0131m\u0131 Takip Edilmeli mi?<\/strong><\/h2>\n\n\n\n<figure class=\"wp-block-image\"><img loading=\"lazy\" decoding=\"async\" width=\"1000\" height=\"500\" src=\"https:\/\/www.mapfre.com.tr\/blog\/media\/2019\/03\/cocuklarin-sosyal-medya-kullanimini-takip-etmek.jpg\" alt=\"\" class=\"wp-image-3077\" srcset=\"https:\/\/www.mapfre.com.tr\/blog\/media\/2019\/03\/cocuklarin-sosyal-medya-kullanimini-takip-etmek.jpg 1000w, https:\/\/www.mapfre.com.tr\/blog\/media\/2019\/03\/cocuklarin-sosyal-medya-kullanimini-takip-etmek-300x150.jpg 300w, https:\/\/www.mapfre.com.tr\/blog\/media\/2019\/03\/cocuklarin-sosyal-medya-kullanimini-takip-etmek-768x384.jpg 768w, https:\/\/www.mapfre.com.tr\/blog\/media\/2019\/03\/cocuklarin-sosyal-medya-kullanimini-takip-etmek-585x293.jpg 585w\" sizes=\"auto, (max-width: 1000px) 100vw, 1000px\" \/><\/figure>\n\n\n\n<p>Ebeveynlerin, \u00e7ocuklar\u0131n\u0131n sosyal medya sitelerinde ne yapt\u0131\u011f\u0131n\u0131 kontrol etmeye dair g\u00f6r\u00fc\u015fleri farkl\u0131l\u0131k g\u00f6steriyor. Baz\u0131 ebeveynler \u00e7ocuklar\u0131n da mahremiyeti hak etti\u011fine ve sosyal medya kullan\u0131m\u0131 konusunda endi\u015felenilmemesi gerekti\u011fine inan\u0131yor. Bununla birlikte sanal d\u00fcnyan\u0131n tehlikelerinin tam olarak anla\u015f\u0131lamamas\u0131, akran sorunlar\u0131 ya da bir ekran\u0131n arkas\u0131na gizlenen siber zorbal\u0131klar, ebeveynlerin sosyal medya etkinliklerini takip etmesini \u00f6nemli hale getiriyor.<br><\/p>\n\n\n\n<p>Uzmanlar, \u00e7e\u015fitli risklerden \u00f6t\u00fcr\u00fc yeti\u015fkin olmayan \u00e7ocuklar\u0131n sosyal medya payla\u015f\u0131mlar\u0131n\u0131n kontrol edilmesinin ak\u0131ll\u0131ca olaca\u011f\u0131na inan\u0131yor.<br><\/p>\n\n\n\n<h2 class=\"wp-block-heading\"><strong>\u00c7ocuklar\u0131n Sosyal Medya Kullan\u0131m\u0131na Ne Zaman S\u0131n\u0131r Getirilmeli?<\/strong><\/h2>\n\n\n\n<figure class=\"wp-block-image\"><img loading=\"lazy\" decoding=\"async\" width=\"1000\" height=\"500\" src=\"https:\/\/www.mapfre.com.tr\/blog\/media\/2019\/03\/cocuklar-sosyal-medyayla-ilgileniyor.jpg\" alt=\"\" class=\"wp-image-3080\" srcset=\"https:\/\/www.mapfre.com.tr\/blog\/media\/2019\/03\/cocuklar-sosyal-medyayla-ilgileniyor.jpg 1000w, https:\/\/www.mapfre.com.tr\/blog\/media\/2019\/03\/cocuklar-sosyal-medyayla-ilgileniyor-300x150.jpg 300w, https:\/\/www.mapfre.com.tr\/blog\/media\/2019\/03\/cocuklar-sosyal-medyayla-ilgileniyor-768x384.jpg 768w, https:\/\/www.mapfre.com.tr\/blog\/media\/2019\/03\/cocuklar-sosyal-medyayla-ilgileniyor-585x293.jpg 585w\" sizes=\"auto, (max-width: 1000px) 100vw, 1000px\" \/><\/figure>\n\n\n\n<p>Sosyal medya ba\u011f\u0131ml\u0131l\u0131\u011f\u0131n\u0131n etkilerinin ne kadar derin oldu\u011funu kesin olarak belirlemek i\u00e7in daha fazla \u00e7al\u0131\u015fmaya ihtiya\u00e7 duyulsa da \u00e7ocuklar\u0131n g\u00f6sterdi\u011fi \u00e7e\u015fitli belirtiler sayesinde sonu\u00e7lar\u0131 hissedilebiliyor. \u00d6rne\u011fin sosyal medya platformlar\u0131nda \u00e7ok fazla zaman ge\u00e7iren \u00e7ocuklar genellikle a\u015fa\u011f\u0131daki sorunlar\u0131 ya\u015f\u0131yor:<br><\/p>\n\n\n\n<ul class=\"wp-block-list\"><li>Y\u00fcz y\u00fcze sosyal etkile\u015fimden \u00e7ekinmek,<\/li><li>Endi\u015fe, stres ya da normal rutinler taraf\u0131ndan bo\u011fulmu\u015f hissetmek,<\/li><li>Notlar\u0131n d\u00fc\u015fmeye ba\u015flamas\u0131,<\/li><li>Ev i\u015fleri veya ev \u00f6devleri gibi ger\u00e7ek hayattaki sorumluluklardan ka\u00e7\u0131nmak,<\/li><li>Ki\u015filere ve eylemlere tepkisiz kalmak,<\/li><li>\u0130nsanlar\u0131 telefonlar\u0131na bakarak k\u00fc\u00e7\u00fcmsemek,<\/li><li>En yak\u0131n ili\u015fkilerinde \u00e7at\u0131\u015fmak.<\/li><\/ul>\n\n\n\n<h2 class=\"wp-block-heading\"><strong>Ebeveynler \u00c7ocuklar\u0131yla Sosyal Medyada Arkada\u015f Olmal\u0131 m\u0131?<\/strong><br><\/h2>\n\n\n\n<p>B\u00f6yle bir karar muhtemelen \u00e7ocu\u011funuzun ki\u015fili\u011fine ve ya\u015f\u0131na ba\u011fl\u0131 olarak de\u011fi\u015fir. Baz\u0131 ebeveynler ve \u00e7ocuklar ak\u0131ll\u0131 telefon \u00fczerinden iyi bir ileti\u015fim kurarken baz\u0131lar\u0131 zorluk ya\u015fayabilir. Ebeveynler i\u00e7in \u00e7ocuklar\u0131yla sosyal medyada arkada\u015f olmak iyi hissettirebilir; ancak her platformdan takip edilmeyi \u00e7ocu\u011funuz bo\u011fucu bulabilir. <br><\/p>\n\n\n\n<p>\u00c7ocu\u011funuzla Facebook ya da Instagram gibi bir sosyal medya platformlar\u0131 \u00fczerinden arkada\u015f olabilirsiniz. Ancak unutmay\u0131n ki bu \u00e7ocu\u011funuzun sosyal medyay\u0131 nas\u0131l kulland\u0131\u011f\u0131n\u0131 takip etmeniz i\u00e7in yeterli olmayabilir. \u00c7\u00fcnk\u00fc \u00e7ocu\u011funuz birden fazla hesap kullan\u0131yor ve siz bu &nbsp;hesaplardan sadece birini biliyor olabilirsiniz. \u00d6zetlemek gerekirse \u00e7ocu\u011funuzla bir platformda ba\u011flant\u0131 kurdu\u011funuzda bunun kulland\u0131\u011f\u0131 tek platform anlam\u0131na gelmedi\u011fini bilmelisiniz.<br><\/p>\n\n\n\n<div class=\"schema-faq wp-block-yoast-faq-block\"><div class=\"schema-faq-section\" id=\"faq-question-1603280541141\"><strong class=\"schema-faq-question\"><strong>Sosyal Medya K\u0131s\u0131tlamalar\u0131 Nas\u0131l Sa\u011flanabilir?<\/strong><br\/><\/strong> <p class=\"schema-faq-answer\">G\u00fcn\u00fcm\u00fczde g\u00fcvenlik ve takip odakl\u0131 sosyal medya programlar\u0131, ebeveynlerin \u00e7ocuklar\u0131n\u0131n \u00e7evirim i\u00e7i aktivitelerini yak\u0131ndan takip etmesine ve bir limit belirlemesine yard\u0131mc\u0131 oluyor. Telefon zaman s\u0131n\u0131rlar\u0131n\u0131 belirlemeyi ve gelen web i\u00e7eri\u011fini filtrelemeyi sa\u011flayan uygulamalar ile \u00e7ocu\u011funuzun aramalar\u0131n\u0131, metinlerini, GPS ve sosyal medya etkinliklerini izleyebilirsiniz. Bir\u00e7ok uygulama \u00e7ocu\u011funuzun web sitesinde nas\u0131l gezindi\u011fini g\u00f6r\u00fcnt\u00fclemenizi ve zaman s\u0131n\u0131rlamalar\u0131 belirlemenizi sa\u011flayabilir.<\/p> <\/div> <\/div>\n\n\n\n<h2 class=\"wp-block-heading\"><strong>\u00c7ocuklar\u0131 Sosyal Medyan\u0131n Zararlar\u0131ndan Korumak \u0130\u00e7in Neler Yap\u0131labilir?<\/strong><\/h2>\n\n\n\n<figure class=\"wp-block-image\"><img loading=\"lazy\" decoding=\"async\" width=\"1000\" height=\"500\" src=\"https:\/\/www.mapfre.com.tr\/blog\/media\/2019\/03\/akilli-telefon-kullanimi.jpg\" alt=\"\" class=\"wp-image-3083\" srcset=\"https:\/\/www.mapfre.com.tr\/blog\/media\/2019\/03\/akilli-telefon-kullanimi.jpg 1000w, https:\/\/www.mapfre.com.tr\/blog\/media\/2019\/03\/akilli-telefon-kullanimi-300x150.jpg 300w, https:\/\/www.mapfre.com.tr\/blog\/media\/2019\/03\/akilli-telefon-kullanimi-768x384.jpg 768w, https:\/\/www.mapfre.com.tr\/blog\/media\/2019\/03\/akilli-telefon-kullanimi-585x293.jpg 585w\" sizes=\"auto, (max-width: 1000px) 100vw, 1000px\" \/><\/figure>\n\n\n\n<p>Risklere ra\u011fmen internet ve sosyal medya, uygun rehberlik ve denetim ile \u00e7ocuklar i\u00e7in hala g\u00fcvenli ve zevkli bir ileti\u015fim arac\u0131 olabilir. A\u015fa\u011f\u0131daki basit ancak etkili y\u00f6ntemler ile \u00e7ocu\u011funuzun sa\u011fl\u0131kl\u0131 sosyal medya kullanma becerilerini geli\u015ftirebilirsiniz.<br><\/p>\n\n\n\n<ul class=\"wp-block-list\"><li>S\u00fcrekli \u00f6\u011frenen ebeveynler olun. \u0130nternet h\u0131zla de\u011fi\u015fen bir yer oldu\u011fu i\u00e7in bilgiyi \u00e7ocuklara uygun \u015fekilde da\u011f\u0131tmal\u0131s\u0131n\u0131z. \u00c7ocuklara sosyal medyan\u0131n risklerini, bunlara nas\u0131l tepki vereceklerini ve nedenlerini anlatmal\u0131s\u0131n\u0131z.<\/li><li>\u00c7ocu\u011fun bak\u0131\u015f a\u00e7\u0131s\u0131n\u0131 anlamaya ve \u00e7evrimi\u00e7i ba\u011f\u0131ms\u0131zl\u0131klar\u0131n\u0131 bilin\u00e7li bir \u015fekilde geli\u015ftirmeye odaklan\u0131n. Ya\u015fa uygun i\u00e7erik ve kullan\u0131m kurallar\u0131 belirleyin.<\/li><li>Gizlili\u011fi m\u00fcmk\u00fcn oldu\u011funca kontrol edin. Uygulamalardaki gizlilik ayarlar\u0131n\u0131 m\u00fcmk\u00fcn oldu\u011funca s\u0131k\u0131 tutun. \u00c7ocuklar\u0131n\u0131z\u0131 asla ki\u015fisel bilgileri ve \u00f6zel foto\u011fraflar\u0131 payla\u015fmamalar\u0131 konusunda e\u011fitin. \u00c7ocuklar taraf\u0131ndan kullan\u0131lan her uygulamada konum izlemeyi devre d\u0131\u015f\u0131 b\u0131rak\u0131n.<\/li><li>\u00c7ocuk dostu \u00fcnl\u00fc hesaplar\u0131 d\u0131\u015f\u0131nda \u00e7ocu\u011funuzun sadece \u015fahsen tan\u0131d\u0131\u011f\u0131 \u00e7ocuklarla arkada\u015f olmas\u0131na izin verin.<\/li><li>\u0130nternet, ev \u00f6devi i\u00e7in gerekliyse Wi-Fi eri\u015fimini \u00f6nceden belirlenmi\u015f bir s\u00fcre i\u00e7in ayarlamay\u0131 deneyin. Wi-Fi \u015fifrelerini de\u011fi\u015ftirmek, bir \u00e7ocu\u011fun Wi-Fi eri\u015fimini uzaktan kapatmak i\u00e7in uygulamalar\u0131 kullanmak veya bir g\u00fcvenlik taray\u0131c\u0131s\u0131 uzant\u0131s\u0131 kurmak hem sosyal medya etkile\u015fimini kontrol etmek hem de \u00e7evrimi\u00e7i g\u00fcvenli\u011fi geli\u015ftirmeye yard\u0131mc\u0131 olabilir.<\/li><li> \u00c7ocuklar\u0131n\u0131z\u0131 \u00e7ok y\u00f6nl\u00fc ve ele\u015ftirel d\u00fc\u015f\u00fcnmeleri i\u00e7in te\u015fvik edin. \u0130nternette yeni olan \u00e7ocuklar, \u00e7evirimi\u00e7i ortamda g\u00f6rd\u00fcklerinin veya okuduklar\u0131n\u0131n her zaman do\u011fru olup olmad\u0131\u011f\u0131n\u0131 anlayamayabilir. Birden fazla ve g\u00fcvenilir kaynakla bilgileri do\u011frulamay\u0131 \u00f6\u011frenmek yeti\u015fkinler i\u00e7in bile de\u011ferli bir y\u00f6ntem olabilir.<\/li><li> \u00c7ocuklar\u0131n\u0131z\u0131n davran\u0131\u015flar\u0131ndaki de\u011fi\u015fiklikleri izleyin. \u00c7ocu\u011funuz \u00e7evrimi\u00e7i ortamda sorunlarla kar\u015f\u0131la\u015f\u0131yorsa bunu her zaman size s\u00f6ylemeyebilir. Bu \u00f6zellikle baz\u0131 \u00e7ocuklar\u0131n ebeveynlerin eri\u015febilece\u011fi sosyal medya hesaplar\u0131ndan ayr\u0131 olarak olu\u015fturduklar\u0131 &#8220;gizli&#8221; bir hesaplar\u0131 varsa ge\u00e7erli olabilir.<\/li><\/ul>\n\n\n\n<p>\u00c7ocu\u011funuz sosyal medya payla\u015f\u0131mlar\u0131na ba\u015flamaya istekliyse ancak Facebook veya Instagram be\u011fenilerini kullanmaya haz\u0131r olmad\u0131klar\u0131n\u0131 hissediyorsan\u0131z o zaman onlar\u0131, \u00e7ocuklar i\u00e7in yap\u0131lm\u0131\u015f ve sosyal medyan\u0131n yararlar\u0131n\u0131 \u00f6ne \u00e7\u0131karan alternatif sosyal a\u011flara y\u00f6nlendirebilirsiniz.<br><\/p>\n\n\n\n<p>Bu platformlar, oyunlar ve yar\u0131\u015fmalar gibi \u00e7ocuk dostu bir\u00e7ok \u00f6zellik sunar. Genellikle sosyal medya reklamlar\u0131<strong> <\/strong>i\u00e7ermezler ve g\u00fcvenli bir \u015fekilde payla\u015f\u0131m yapman\u0131n yan\u0131 s\u0131ra payla\u015f\u0131mlar\u0131 \u00f6\u011fretim arac\u0131 olarak kullanma \u015fans\u0131 tan\u0131rlar. \u00c7ocuk dostu sosyal a\u011flar, \u00e7ocuklara deneyimlerini payla\u015fabilecekleri ve tan\u0131d\u0131klar\u0131 arkada\u015flar\u0131yla ileti\u015fim kurabilecekleri daha g\u00fcvenli bir ortam sa\u011flayabilir.<br><br><\/p>\n","protected":false},"excerpt":{"rendered":"<p>Sosyal medya uygulamalar\u0131 hem gen\u00e7ler hem de \u00e7ocuklar aras\u0131ndaki pop\u00fclerli\u011fini b\u00fcy\u00fck bir h\u0131zla art\u0131rmaya devam ediyor! Uzmanlar, dijital cihazlar\u0131n ve&hellip;<\/p>\n","protected":false},"author":3,"featured_media":3817,"comment_status":"closed","ping_status":"open","sticky":false,"template":"","format":"standard","meta":{"footnotes":""},"categories":[7],"tags":[903],"class_list":["post-3073","post","type-post","status-publish","format-standard","has-post-thumbnail","hentry","category-iyi-yasam","tag-teknoloji"],"_links":{"self":[{"href":"https:\/\/www.mapfre.com.tr\/blog\/wp-json\/wp\/v2\/posts\/3073","targetHints":{"allow":["GET"]}}],"collection":[{"href":"https:\/\/www.mapfre.com.tr\/blog\/wp-json\/wp\/v2\/posts"}],"about":[{"href":"https:\/\/www.mapfre.com.tr\/blog\/wp-json\/wp\/v2\/types\/post"}],"author":[{"embeddable":true,"href":"https:\/\/www.mapfre.com.tr\/blog\/wp-json\/wp\/v2\/users\/3"}],"replies":[{"embeddable":true,"href":"https:\/\/www.mapfre.com.tr\/blog\/wp-json\/wp\/v2\/comments?post=3073"}],"version-history":[{"count":3,"href":"https:\/\/www.mapfre.com.tr\/blog\/wp-json\/wp\/v2\/posts\/3073\/revisions"}],"predecessor-version":[{"id":6680,"href":"https:\/\/www.mapfre.com.tr\/blog\/wp-json\/wp\/v2\/posts\/3073\/revisions\/6680"}],"wp:featuredmedia":[{"embeddable":true,"href":"https:\/\/www.mapfre.com.tr\/blog\/wp-json\/wp\/v2\/media\/3817"}],"wp:attachment":[{"href":"https:\/\/www.mapfre.com.tr\/blog\/wp-json\/wp\/v2\/media?parent=3073"}],"wp:term":[{"taxonomy":"category","embeddable":true,"href":"https:\/\/www.mapfre.com.tr\/blog\/wp-json\/wp\/v2\/categories?post=3073"},{"taxonomy":"post_tag","embeddable":true,"href":"https:\/\/www.mapfre.com.tr\/blog\/wp-json\/wp\/v2\/tags?post=3073"}],"curies":[{"name":"wp","href":"https:\/\/api.w.org\/{rel}","templated":true}]}}