{"id":5462,"date":"2019-12-16T13:06:36","date_gmt":"2019-12-16T13:06:36","guid":{"rendered":"https:\/\/www.mapfre.com.tr\/blog\/?p=5462"},"modified":"2024-09-18T12:50:45","modified_gmt":"2024-09-18T12:50:45","slug":"dunya-muzigine-yon-veren-iki-isim-ahmet-ertegun-ve-arif-mardin","status":"publish","type":"post","link":"https:\/\/www.mapfre.com.tr\/blog\/dusle\/dunya-muzigine-yon-veren-iki-isim-ahmet-ertegun-ve-arif-mardin\/","title":{"rendered":"D\u00fcnya M\u00fczi\u011fine Y\u00f6n Veren \u0130ki \u0130sim: Ahmet Erteg\u00fcn ve Arif Mardin"},"content":{"rendered":"\n<p>Do\u011fulan yer gibi maddi s\u0131n\u0131rlar ya da kendine g\u00fcvensizlik gibi manevi s\u0131n\u0131rlar\u2026 Var oldu\u011funu d\u00fc\u015f\u00fcnd\u00fc\u011f\u00fcm\u00fcz s\u0131n\u0131rlar, hayallerimize ula\u015fmak i\u00e7in \u00e7\u0131kaca\u011f\u0131m\u0131z ya da \u00e7\u0131kt\u0131\u011f\u0131m\u0131z yolda bizi olumsuz bir \u015fekilde etkileyebilir. Fakat asl\u0131nda ger\u00e7ekten inan\u0131rsak, hayallerimizin pe\u015finden ko\u015farsak ve o hayal i\u00e7in pes etmeden \u00e7al\u0131\u015f\u0131rsak ula\u015famayaca\u011f\u0131m\u0131z \u015fey yok. Mesela \u201cefsane olmak i\u00e7in <a href=\"https:\/\/www.mapfre.com.tr\/blog\/dusle\/dunyaca-unlu-engelli-muzisyenler\/\">engel tan\u0131mayan, <\/a><a href=\"https:\/\/www.mapfre.com.tr\/blog\/dusle\/dunyaca-unlu-engelli-muzisyenler\/\" target=\"_blank\" rel=\"noreferrer noopener\" aria-label=\"d\u00fcnyaca  (yeni sekmede a\u00e7\u0131l\u0131r)\">d\u00fcnyaca <\/a><a href=\"https:\/\/www.mapfre.com.tr\/blog\/dusle\/dunyaca-unlu-engelli-muzisyenler\/\">\u00fcnl\u00fc m\u00fczisyenleri<\/a>\u201d anlatt\u0131\u011f\u0131m\u0131z yaz\u0131m\u0131zda yer verdi\u011fimiz isimler sizin i\u00e7in bu yolda en b\u00fcy\u00fck ilhamlardan biri olabilir! Daha fazlas\u0131na ihtiya\u00e7 duyanlar i\u00e7in ise ke\u015fifleri ve vizyonlar\u0131 ile m\u00fczik d\u00fcnyas\u0131na yepyeni bir soluk getiren iki T\u00fcrk m\u00fczik insan\u0131n\u0131 daha yak\u0131ndan tan\u0131man\u0131n tam zaman\u0131: Ahmet Erteg\u00fcn ve Arif Mardin!<br><\/p>\n\n\n\n<!--more-->\n\n\n\n<h2 class=\"wp-block-heading\"><strong>M\u00fczik A\u015fk\u0131, Efsanevi Bir M\u00fczik Adam\u0131 Olmas\u0131n\u0131 Sa\u011flad\u0131: Ahmet Erteg\u00fcn Kimdir?<\/strong><\/h2>\n\n\n\n<p>31 Temmuz 1923 y\u0131l\u0131nda \u0130stanbul\u2019da do\u011fan ve \u00e7ocuklu\u011funda, babas\u0131n\u0131n i\u015fi dolay\u0131s\u0131yla, farkl\u0131 \u00fclkelerde ya\u015fam\u0131\u015f olan Ahmet Erteg\u00fcn, kariyerinin \u015fekillenece\u011fi Amerika Birle\u015fik Devletleri\u2019ne 1935 y\u0131l\u0131nda gitmi\u015f. Babas\u0131n\u0131n Washington\u2019a T\u00fcrkiye Cumhuriyeti B\u00fcy\u00fckel\u00e7isi olarak atanmas\u0131n\u0131n ard\u0131ndan Ahmet Erteg\u00fcn, abisi Nasuhi Erteg\u00fcn ile birlikte bu y\u0131llarda farkl\u0131 tarzlarda m\u00fczikler dinleyip m\u00fczik k\u00fclt\u00fcr\u00fcn\u00fc geli\u015ftirmi\u015f.<br><\/p>\n\n\n\n<p>Hayat \u00e7o\u011fu zaman g\u00fczelliklerle dolu olsa da baz\u0131 zamanlarda, ya\u015famak istemedi\u011fimiz durumlar\u0131 deneyimlememize de neden olabiliyor. \u0130\u015fte, Ahmet Erteg\u00fcn de bu durumu 1945 y\u0131l\u0131nda babas\u0131n\u0131n vefat\u0131yla ya\u015fam\u0131\u015f. Bu vefat\u0131n ard\u0131ndan ailesi T\u00fcrkiye\u2019ye d\u00f6nm\u00fc\u015f ama o ve abisi yine de hayat\u0131n devam etti\u011fini d\u00fc\u015f\u00fcn\u00fcp Amerika\u2019da kalm\u0131\u015f; hayallerini s\u00fcsleyen m\u00fczik d\u00fcnyas\u0131na d\u00e2hil olmay\u0131 tercih etmi\u015fler.<br><\/p>\n\n\n\n<p>1947 y\u0131l\u0131 ise bu hayal i\u00e7in somut ad\u0131m at\u0131lan bir y\u0131l\u2026 Aile dostlar\u0131 olan bir di\u015f hekiminden al\u0131nan 10 bin dolar, ileriki y\u0131llarda pek \u00e7ok efsanevi m\u00fczisyenin do\u011fu\u015funa ya da daha \u00e7ok b\u00fcy\u00fcmesine vesile olacak Atlantic Records\u2019un kurulmas\u0131n\u0131 sa\u011flam\u0131\u015f.<br><\/p>\n\n\n\n<p>Grammy \u00d6d\u00fcl\u00fc kazanm\u0131\u015f olan Ahmet Erteg\u00fcn\u2019\u00fcn kariyerinin ne kadar ba\u015far\u0131l\u0131 oldu\u011funu anlamak i\u00e7in asl\u0131nda \u00f6d\u00fcle bile gerek yok; yap\u0131mc\u0131l\u0131\u011f\u0131n\u0131 yapt\u0131\u011f\u0131 ve \u00fcn kazanmalar\u0131nda b\u00fcy\u00fck katk\u0131 sa\u011flad\u0131\u011f\u0131 isimleri s\u0131ralamak bile yeter\u2026 Aretha Franklin, Ella Fitzgerald, Stevie Wonder, Rolling Stones, Led Zeppelin, Miles Davis gibi isimlerin yan\u0131 s\u0131ra, \u201cblues m\u00fczi\u011fin dehas\u0131\u201d Ray Charles da Ahmet Erteg\u00fcn\u2019\u00fcn deneyimleri ile yetene\u011fini birle\u015ftirmi\u015f. Ray Charles\u2019\u0131n hitlerinden biri olan Mess Around ise bir Ahmet Erteg\u00fcn \u015fark\u0131s\u0131! Bu arada <a href=\"https:\/\/www.mapfre.com.tr\/blog\/dusle\/pes-etmemenizi-gosteren-biyografik-filmler\/\" target=\"_blank\" rel=\"noreferrer noopener\" aria-label=\" (yeni sekmede a\u00e7\u0131l\u0131r)\">pes etmemeniz gerekti\u011fini g\u00f6steren 6 biyografik film<\/a> \u00f6nerimizden biri olan \u201cRay\u201dde Ahmet Erteg\u00fcn ile Ray Charles\u2019\u0131n tan\u0131\u015fma ve \u00e7al\u0131\u015fma hikayesini izleyebilece\u011finizi de not d\u00fc\u015felim.<br><\/p>\n\n\n\n<p>29 Ekim 2006\u2019da New York\u2019ta verilen Rolling Stones konserinde, d\u00fc\u015f\u00fcp kafas\u0131n\u0131 \u00e7arpmas\u0131 sonucunda yo\u011fun bak\u0131ma al\u0131nan ve 14 Aral\u0131k 2006\u2019da ise hayat\u0131n\u0131 kaybeden Ahmet Erteg\u00fcn, maddi ve manevi olarak hayata yenik d\u00fc\u015fmemeyi hepimize g\u00f6steren ba\u015far\u0131l\u0131 isimlerden sadece biri!<\/p>\n\n\n\n<figure class=\"wp-block-image\"><img loading=\"lazy\" decoding=\"async\" width=\"1000\" height=\"500\" src=\"https:\/\/www.mapfre.com.tr\/blog\/media\/2019\/12\/ahmet-ertegun-kimdir.jpg\" alt=\"Ahmet Ertegun kimdir?\" class=\"wp-image-5464\" srcset=\"https:\/\/www.mapfre.com.tr\/blog\/media\/2019\/12\/ahmet-ertegun-kimdir.jpg 1000w, https:\/\/www.mapfre.com.tr\/blog\/media\/2019\/12\/ahmet-ertegun-kimdir-300x150.jpg 300w, https:\/\/www.mapfre.com.tr\/blog\/media\/2019\/12\/ahmet-ertegun-kimdir-768x384.jpg 768w, https:\/\/www.mapfre.com.tr\/blog\/media\/2019\/12\/ahmet-ertegun-kimdir-585x293.jpg 585w\" sizes=\"auto, (max-width: 1000px) 100vw, 1000px\" \/><figcaption><a href=\"http:\/\/wikipedia.org\"> <em>G\u00f6rsel Kaynak<\/em><\/a><br> <\/figcaption><\/figure>\n\n\n\n<h2 class=\"wp-block-heading\"><strong>Kariyerini Yeniden \u0130n\u015fa Etmesi Efsane Olmas\u0131n\u0131 Sa\u011flad\u0131: Arif Mardin Kimdir?<\/strong><\/h2>\n\n\n\n<p>15 Mart 1932 y\u0131l\u0131nda \u0130stanbul\u2019da do\u011fan Arif Mardin, hep m\u00fczikle ilgilenen bir gen\u00e7 olmas\u0131na ra\u011fmen, kariyerini ekonomi alan\u0131nda ilerletmek istemi\u015f ve London School of Economics\u2019ten mezun olmu\u015f. Fakat m\u00fczik a\u015fk\u0131 gitgide artmaya ba\u015flam\u0131\u015f ve 1956 y\u0131l\u0131nda yapt\u0131\u011f\u0131 \u00fc\u00e7 d\u00fczenleme demosunu, Amerika Birle\u015fik Devletleri\u2019nde bir radyoda \u00e7al\u0131\u015fan arkada\u015f\u0131na yollam\u0131\u015f. Bu d\u00fczenlemeler ise Arif Mardin\u2019in Berklee College of Music\u2019e girmesini sa\u011flam\u0131\u015f.<br><\/p>\n\n\n\n<p>Ald\u0131\u011f\u0131 e\u011fitimin ard\u0131ndan 1963 y\u0131l\u0131nda Atlantic Records\u2019ta \u00e7al\u0131\u015fmaya ba\u015flayan Arif Mardin, Ahmet ve Nasuhi Erteg\u00fcn ile uzun \u00e7al\u0131\u015fmalar\u0131n\u0131n ard\u0131ndan, 2001 y\u0131l\u0131ndan itibaren kendi \u015firketi olan Manhattan\/EMI Records i\u00e7in \u00e7al\u0131\u015fmaya ba\u015flam\u0131\u015f.<br><\/p>\n\n\n\n<p>Hayallerine ula\u015fmak i\u00e7in kariyerini yeniden \u015fekillendirmek i\u00e7in cesaret g\u00f6stermesi ise 11 Grammy \u00d6d\u00fcll\u00fc, ad\u0131n\u0131 m\u00fczik d\u00fcnyas\u0131na alt\u0131n harflerle kaz\u0131yan bir m\u00fczik adam\u0131 olmas\u0131n\u0131 sa\u011flam\u0131\u015f. Norah Jones, Diana Ross, Bette Midler, Bee Gees, Barbra Streisand, Phil Collins, Aretha Franklin gibi isimlere \u00e7al\u0131\u015fan Arif Mardin, pankreas kanseri nedeniyle 25 Haziran 2006 y\u0131l\u0131ndan aram\u0131zdan ayr\u0131ld\u0131. Bu arada Arif Mardin\u2019in, <a href=\"https:\/\/www.mapfre.com.tr\/blog\/dusle\/ilham-veren-tedx-konusmalari\/\" target=\"_blank\" rel=\"noreferrer noopener\" aria-label=\" (yeni sekmede a\u00e7\u0131l\u0131r)\">ilham veren TEDx konu\u015fmalar\u0131<\/a> \u00f6nerilerimizde yer alan isimlerden biri olan ve halkla ili\u015fkiler mesle\u011fini \u00fclkemize getiren Bet\u00fbl Mardin\u2019in karde\u015fi oldu\u011funu not d\u00fc\u015fmeden ge\u00e7meyelim.<\/p>\n\n\n\n<figure class=\"wp-block-image\"><img loading=\"lazy\" decoding=\"async\" width=\"1000\" height=\"500\" src=\"https:\/\/www.mapfre.com.tr\/blog\/media\/2019\/12\/arif-mardin.jpg\" alt=\"Arif Mardin kimdir?\" class=\"wp-image-5466\" srcset=\"https:\/\/www.mapfre.com.tr\/blog\/media\/2019\/12\/arif-mardin.jpg 1000w, https:\/\/www.mapfre.com.tr\/blog\/media\/2019\/12\/arif-mardin-300x150.jpg 300w, https:\/\/www.mapfre.com.tr\/blog\/media\/2019\/12\/arif-mardin-768x384.jpg 768w, https:\/\/www.mapfre.com.tr\/blog\/media\/2019\/12\/arif-mardin-585x293.jpg 585w\" sizes=\"auto, (max-width: 1000px) 100vw, 1000px\" \/><figcaption> <em><a href=\"http:\/\/wbssmedia.com\">G\u00f6rsel Kaynak<\/a><\/em><br> <\/figcaption><\/figure>\n\n\n\n<div class=\"schema-faq wp-block-yoast-faq-block\"><div class=\"schema-faq-section\" id=\"faq-question-1602936585657\"><strong class=\"schema-faq-question\"><strong>Ahmet Erteg\u00fcn ve Arif Mardin\u2019i \u00d6zel K\u0131lan Ne?<\/strong><\/strong> <p class=\"schema-faq-answer\"><br\/>Elbette ki bu iki ismin ba\u015far\u0131lar\u0131 olduk\u00e7a a\u015fik\u00e2r. Fakat biz ba\u015far\u0131ya ula\u015ft\u0131klar\u0131 yola farkl\u0131 bir g\u00f6zle bakmak istiyoruz. Ya Ahmet Erteg\u00fcn \u201cMaddi imk\u00e2ns\u0131zl\u0131klar var, \u00fclkeme d\u00f6neyim.\u201d deseydi? Ya da Arif Mardin \u201cNas\u0131l olsa bir mesle\u011fim var, hi\u00e7 bilmedi\u011fim bir alanda ilerlemek i\u00e7in yeterli de\u011filim.\u201d diye d\u00fc\u015f\u00fcnseydi? \u0130\u015fte o zaman, hem kendilerini ger\u00e7ekle\u015ftiremez hem de bir ihtimal bug\u00fcn severek dinledi\u011fimiz isimlerden birka\u00e7\u0131n\u0131n varl\u0131\u011f\u0131ndan bile haberdar olmayabilirdik.<br\/>Siz de istedi\u011finiz alanda ba\u015far\u0131 kazanabilir, hayallerinize ula\u015fabilirsiniz. Yeter ki kendinize asl\u0131nda olmayan s\u0131n\u0131rlara inand\u0131rmay\u0131n ve pes etmeyin! Hayat pes etmeyince g\u00fczel!<br\/><\/p> <\/div> <\/div>\n\n\n\n<p><br><\/p>\n","protected":false},"excerpt":{"rendered":"<p>D\u00fcnya m\u00fczi\u011fine y\u00f6n veren iki isim olan Ahmet Erteg\u00fcn ve Arif Mardin\u2019in ilham verici kariyer yolculuklar\u0131na \u015fahit olmaya ne dersiniz?<\/p>\n","protected":false},"author":3,"featured_media":5463,"comment_status":"closed","ping_status":"open","sticky":false,"template":"","format":"standard","meta":{"footnotes":""},"categories":[886,1966],"tags":[908,1736],"class_list":["post-5462","post","type-post","status-publish","format-standard","has-post-thumbnail","hentry","category-dusle","category-ilham-al","tag-kultur-sanat","tag-muzik"],"_links":{"self":[{"href":"https:\/\/www.mapfre.com.tr\/blog\/wp-json\/wp\/v2\/posts\/5462","targetHints":{"allow":["GET"]}}],"collection":[{"href":"https:\/\/www.mapfre.com.tr\/blog\/wp-json\/wp\/v2\/posts"}],"about":[{"href":"https:\/\/www.mapfre.com.tr\/blog\/wp-json\/wp\/v2\/types\/post"}],"author":[{"embeddable":true,"href":"https:\/\/www.mapfre.com.tr\/blog\/wp-json\/wp\/v2\/users\/3"}],"replies":[{"embeddable":true,"href":"https:\/\/www.mapfre.com.tr\/blog\/wp-json\/wp\/v2\/comments?post=5462"}],"version-history":[{"count":4,"href":"https:\/\/www.mapfre.com.tr\/blog\/wp-json\/wp\/v2\/posts\/5462\/revisions"}],"predecessor-version":[{"id":6655,"href":"https:\/\/www.mapfre.com.tr\/blog\/wp-json\/wp\/v2\/posts\/5462\/revisions\/6655"}],"wp:featuredmedia":[{"embeddable":true,"href":"https:\/\/www.mapfre.com.tr\/blog\/wp-json\/wp\/v2\/media\/5463"}],"wp:attachment":[{"href":"https:\/\/www.mapfre.com.tr\/blog\/wp-json\/wp\/v2\/media?parent=5462"}],"wp:term":[{"taxonomy":"category","embeddable":true,"href":"https:\/\/www.mapfre.com.tr\/blog\/wp-json\/wp\/v2\/categories?post=5462"},{"taxonomy":"post_tag","embeddable":true,"href":"https:\/\/www.mapfre.com.tr\/blog\/wp-json\/wp\/v2\/tags?post=5462"}],"curies":[{"name":"wp","href":"https:\/\/api.w.org\/{rel}","templated":true}]}}