{"id":5665,"date":"2020-01-29T12:01:35","date_gmt":"2020-01-29T12:01:35","guid":{"rendered":"https:\/\/www.mapfre.com.tr\/blog\/?p=5665"},"modified":"2024-09-18T12:14:26","modified_gmt":"2024-09-18T12:14:26","slug":"kuzey-isiklari-hakkinda-bilmeniz-gerekenler","status":"publish","type":"post","link":"https:\/\/www.mapfre.com.tr\/blog\/dusle\/kuzey-isiklari-hakkinda-bilmeniz-gerekenler\/","title":{"rendered":"Nas\u0131l, Ne Zaman, Nerede: Kuzey I\u015f\u0131klar\u0131 Hakk\u0131nda Bilmeniz Gerekenler"},"content":{"rendered":"\n<p>G\u00fczel bir manzaraya, herhangi bir hayvana ya da a\u00e7an bir \u00e7i\u00e7e\u011fe bakt\u0131\u011f\u0131n\u0131zda fark ediyor musunuz? D\u00fcnya b\u00fcy\u00fcleyici bir yer! \u0130\u015fte, bu b\u00fcy\u00fcl\u00fc yans\u0131man\u0131n en net g\u00f6r\u00fcld\u00fc\u011f\u00fc, hatta gidip g\u00f6renin kendisini r\u00fcyadaym\u0131\u015f gibi hissetti\u011fi bir do\u011fa olay\u0131ndan bahsedece\u011fiz: Kuzey I\u015f\u0131klar\u0131!<\/p>\n\n\n\n<!--more-->\n\n\n\n<h2 class=\"wp-block-heading\" id=\"h-kuzey-i-klar-n-n-ad-nedir\"><strong>Kuzey I\u015f\u0131klar\u0131n\u0131n Ad\u0131 Nedir?<\/strong><\/h2>\n\n\n\n<p>Kuzey I\u015f\u0131klar\u0131 ya da Kutup I\u015f\u0131klar\u0131 olarak bilinse de do\u011fan\u0131n bu mucizesinin as\u0131l ad\u0131 Aurora Borealis! Antik zamanlardan beri g\u00f6r\u00fclebilen Kuzey I\u015f\u0131klar\u0131n\u0131n ad\u0131n\u0131 \u201c\u015eafak Tanr\u0131\u00e7as\u0131\u201d Aurora\u2019dan ald\u0131\u011f\u0131 d\u00fc\u015f\u00fcn\u00fcl\u00fcyor. \u201cKuzey I\u015f\u0131klar\u0131\u201d tan\u0131m\u0131n\u0131 ilk kullananlar\u0131 ise tan\u0131yoruz. Neil Bone\u2019a g\u00f6re bu tan\u0131m\u0131 ilk kez 1620\u2019li y\u0131llarda bu do\u011fa harikas\u0131na tan\u0131kl\u0131k eden Galileo Galilei ve Pierre Gassendi kullanm\u0131\u015f.<\/p>\n\n\n\n<h2 class=\"wp-block-heading\" id=\"h-kuzey-i-klar-nedir-neden-olur\"><strong>Kuzey I\u015f\u0131klar\u0131 Nedir, Neden Olur?<\/strong><\/h2>\n\n\n\n<p>\u201cKuzey I\u015f\u0131klar\u0131 nas\u0131l olur?\u201d sorusu en \u00e7ok merak edilen konulardan biri. Hemen g\u00f6ky\u00fcz\u00fcnde g\u00f6rsel \u015f\u00f6len sunan bu olay\u0131n nas\u0131l olu\u015ftu\u011funu anlatal\u0131m: Geceleri b\u00fcy\u00fcleyici bir \u015fekilde ayd\u0131nlatan Kuzey I\u015f\u0131klar\u0131 asl\u0131nda G\u00fcne\u015f\u2019in bir oyunu!<\/p>\n\n\n\n<p>G\u00fcne\u015f\u2019teki patlamalar sayesinde ayr\u0131lan elektron ve protonlar uzayda h\u0131zl\u0131 bir \u015fekilde yol almaya ba\u015fl\u0131yor. D\u00fcnya\u2019n\u0131n manyetik alan\u0131na yakalanan bu par\u00e7ac\u0131klar, kutuplara do\u011fru ilerliyor. Par\u00e7ac\u0131klar ve atmosferdeki gazlar aras\u0131nda bir nevi al\u0131\u015fveri\u015f oluyor, art\u0131 ve eksi atomlar aras\u0131nda de\u011fi\u015fim ger\u00e7ekle\u015fiyor. Bu de\u011fi\u015fim sonras\u0131nda par\u00e7ac\u0131klar eski haline d\u00f6nmek istediklerinde ise \u0131\u015f\u0131k sa\u00e7\u0131yor. Evet, G\u00fcne\u015f\u2019ten gelen par\u00e7ac\u0131klar ile atmosferdeki gazlar\u0131n dans\u0131: Kuzey I\u015f\u0131klar\u0131!<\/p>\n\n\n\n<p>Kuzey I\u015f\u0131klar\u0131n\u0131n ye\u015fil, sar\u0131, mavi gibi farkl\u0131 renklerde olabildi\u011fini de fark etmi\u015fsinizdir. Bu durum ise G\u00fcne\u015f\u2019ten gelen y\u00fckl\u00fc par\u00e7ac\u0131klar\u0131n \u00e7arp\u0131\u015ft\u0131klar\u0131 iyonlarla ilgili bir durum. <\/p>\n\n\n\n<figure class=\"wp-block-image size-large\"><img loading=\"lazy\" decoding=\"async\" width=\"1000\" height=\"500\" src=\"https:\/\/www.mapfre.com.tr\/blog\/media\/2020\/01\/kuzey-isiklari-nereden-gorulebilir-1.jpg-adl\u0131-dosyan\u0131n-kopyas\u0131-1.jpg\" alt=\"Kuzey I\u015f\u0131klar\u0131 Nereden G\u00f6r\u00fclebilir\" class=\"wp-image-5670\" srcset=\"https:\/\/www.mapfre.com.tr\/blog\/media\/2020\/01\/kuzey-isiklari-nereden-gorulebilir-1.jpg-adl\u0131-dosyan\u0131n-kopyas\u0131-1.jpg 1000w, https:\/\/www.mapfre.com.tr\/blog\/media\/2020\/01\/kuzey-isiklari-nereden-gorulebilir-1.jpg-adl\u0131-dosyan\u0131n-kopyas\u0131-1-300x150.jpg 300w, https:\/\/www.mapfre.com.tr\/blog\/media\/2020\/01\/kuzey-isiklari-nereden-gorulebilir-1.jpg-adl\u0131-dosyan\u0131n-kopyas\u0131-1-768x384.jpg 768w, https:\/\/www.mapfre.com.tr\/blog\/media\/2020\/01\/kuzey-isiklari-nereden-gorulebilir-1.jpg-adl\u0131-dosyan\u0131n-kopyas\u0131-1-585x293.jpg 585w\" sizes=\"auto, (max-width: 1000px) 100vw, 1000px\" \/><\/figure>\n\n\n\n<h2 class=\"wp-block-heading\" id=\"h-kuzey-i-klar-nereden-g-r-lebilir\"><strong>Kuzey I\u015f\u0131klar\u0131 Nereden G\u00f6r\u00fclebilir?<\/strong><\/h2>\n\n\n\n<p>Peki, s\u0131ra d\u0131\u015f\u0131 bir g\u00f6rsellik sunan Kuzey I\u015f\u0131klar\u0131 nereden g\u00f6r\u00fclebilir? Ad\u0131 \u00fczerinde kuzeyden, en kuzeyden! Destinasyon \u00f6nerilerini verece\u011fiz, fakat \u00f6ncesinde bir konu hakk\u0131nda sizi uyarmal\u0131y\u0131z: Gitti\u011finiz yer Kutup I\u015f\u0131klar\u0131n\u0131 izlemek i\u00e7in m\u00fckemmel bir b\u00f6lge olsa ve g\u00f6ky\u00fcz\u00fcnde Kuzey I\u015f\u0131klar\u0131 dans etse de hava kapal\u0131 ya da fazla ayd\u0131nl\u0131ksa reng\u00e2renk g\u00f6ky\u00fcz\u00fcn\u00fc g\u00f6rmeniz zor olabilir!<\/p>\n\n\n\n<p>\u0130\u015fte, \u201cKuzey I\u015f\u0131klar\u0131 nerede?\u201d sorusunun cevab\u0131 olan, Kuzey I\u015f\u0131klar\u0131n\u0131 izlemek i\u00e7in en uygun noktalardan baz\u0131lar\u0131:<\/p>\n\n\n\n<ul class=\"wp-block-list\"><li><strong>\u0130zlanda:<\/strong> Reykjavik, Vik K\u00f6y\u00fc, Kirkjufell Da\u011f\u0131, Latrabjarg, Djupavik K\u00f6y\u00fc<\/li><li><strong>Norve\u00e7:<\/strong> Troms\u00f6, Harstad, Bodo, Svalbard, Lofoten Adalar\u0131, Lakselv K\u00f6y\u00fc<\/li><li><strong>Finlandiya:<\/strong> Saariselka<\/li><li><strong>\u0130sve\u00e7:<\/strong> Kiruna, Abisko Milli Park\u0131, Tarend\u00f6<\/li><li><strong>Rusya:<\/strong> Murmansk, Arkhangelsk, Petrozavodsk<\/li><li><strong>Kanada:<\/strong> Yukon, Nunavut<\/li><li><strong>Alaska:<\/strong> Fairbanks<\/li><\/ul>\n\n\n\n<h2 class=\"wp-block-heading\" id=\"h-kuzey-i-klar-ne-zaman-g-r-lebilir\"><strong>Kuzey I\u015f\u0131klar\u0131 Ne Zaman G\u00f6r\u00fclebilir?<\/strong><\/h2>\n\n\n\n<p>Kuzey I\u015f\u0131klar\u0131n\u0131 g\u00f6rmek neredeyse herkesin hayali! Fakat ne yaz\u0131k ki tatil plan\u0131n\u0131z\u0131 yapsan\u0131z, hatta Kuzey Kutbu\u2019na gitseniz bile Kuzey I\u015f\u0131klar\u0131n\u0131 g\u00f6rememe ihtimaliniz var! D\u00fcnya ve G\u00fcne\u015f\u2019in nefes kesen bu g\u00f6rsel \u015f\u00f6lenine \u015fahit olabilmek i\u00e7in do\u011fru zaman\u0131 bilmek olduk\u00e7a \u00f6nemli. Bu sayede Kuzey I\u015f\u0131klar\u0131n\u0131 g\u00f6rme \u015fans\u0131n\u0131z artabilir.<\/p>\n\n\n\n<p>\u201cKuzey I\u015f\u0131klar\u0131 ne zaman g\u00f6r\u00fclebilir?\u201d sorusunun asl\u0131nda belli bir cevab\u0131 yok, ama b\u00f6lgelere g\u00f6re belirli bir cevap vermek m\u00fcmk\u00fcn. \u00c7\u00fcnk\u00fc kutup \u0131\u015f\u0131klar\u0131n\u0131n g\u00f6r\u00fclme zaman\u0131, b\u00f6lgelere g\u00f6re farkl\u0131l\u0131k g\u00f6sterebiliyor. \u0130\u015fte, b\u00f6lgelere g\u00f6re en uygun tatil zamanlar\u0131:<\/p>\n\n\n\n<ul class=\"wp-block-list\"><li><strong>\u0130zlanda:<\/strong> A\u011fustos sonu ila nisan ba\u015f\u0131 aras\u0131nda<\/li><li><strong>Norve\u00e7:<\/strong> Eyl\u00fcl ortas\u0131 ila mart sonu aras\u0131nda<\/li><li><strong>Finlandiya:<\/strong> Eyl\u00fcl ortas\u0131 ila mart sonu aras\u0131nda<\/li><li><strong>\u0130sve\u00e7:<\/strong> Eyl\u00fcl ortas\u0131 ila mart sonu aras\u0131nda<\/li><li><strong>Rusya:<\/strong> Eyl\u00fcl ortas\u0131 ila mart sonu aras\u0131nda<\/li><li><strong>Kanada:<\/strong> A\u011fustos sonu ila nisan ba\u015f\u0131 aras\u0131nda<\/li><li><strong>Alaska:<\/strong> A\u011fustos sonu ila nisan ba\u015f\u0131 aras\u0131nda<\/li><\/ul>\n\n\n\n<figure class=\"wp-block-image size-large\"><img loading=\"lazy\" decoding=\"async\" width=\"1000\" height=\"500\" src=\"https:\/\/www.mapfre.com.tr\/blog\/media\/2020\/01\/kuzey-isiklari-ne-zaman.jpg-adl\u0131-dosyan\u0131n-kopyas\u0131.jpg\" alt=\"Kuzey I\u015f\u0131klar\u0131 Ne Zaman\" class=\"wp-image-5668\" srcset=\"https:\/\/www.mapfre.com.tr\/blog\/media\/2020\/01\/kuzey-isiklari-ne-zaman.jpg-adl\u0131-dosyan\u0131n-kopyas\u0131.jpg 1000w, https:\/\/www.mapfre.com.tr\/blog\/media\/2020\/01\/kuzey-isiklari-ne-zaman.jpg-adl\u0131-dosyan\u0131n-kopyas\u0131-300x150.jpg 300w, https:\/\/www.mapfre.com.tr\/blog\/media\/2020\/01\/kuzey-isiklari-ne-zaman.jpg-adl\u0131-dosyan\u0131n-kopyas\u0131-768x384.jpg 768w, https:\/\/www.mapfre.com.tr\/blog\/media\/2020\/01\/kuzey-isiklari-ne-zaman.jpg-adl\u0131-dosyan\u0131n-kopyas\u0131-585x293.jpg 585w\" sizes=\"auto, (max-width: 1000px) 100vw, 1000px\" \/><\/figure>\n\n\n\n<h2 class=\"wp-block-heading\" id=\"h-kuzey-i-klar-turu-pahal-m\"><strong>Kuzey I\u015f\u0131klar\u0131 Turu Pahal\u0131 m\u0131?<\/strong><\/h2>\n\n\n\n<p>Kuzey I\u015f\u0131klar\u0131n\u0131 g\u00f6rmek, hayat\u0131n\u0131z boyunca unutamayaca\u011f\u0131n\u0131z bir ana tan\u0131kl\u0131k etmek demek. Bunu kim istemez ki! Fakat ne yaz\u0131k ki bu b\u00fcy\u00fcl\u00fc ana tan\u0131kl\u0131k etmek biraz maliyetli olabiliyor. Tatil i\u00e7in ay\u0131rman\u0131z gereken b\u00fct\u00e7e; gitti\u011finiz b\u00f6lgeye, kalmak istedi\u011finiz otele, konaklayaca\u011f\u0131n\u0131z g\u00fcn say\u0131s\u0131na g\u00f6re de\u011fi\u015fiklik g\u00f6sterebiliyor. Elbette vizeniz yoksa vize \u00fccreti de b\u00fct\u00e7enize d\u00e2hil oluyor.<\/p>\n\n\n\n<p>Ki\u015fisel tatil planlar\u0131 i\u00e7in ayr\u0131lmas\u0131 gereken b\u00fct\u00e7e de\u011fi\u015fse de Kuzey I\u015f\u0131klar\u0131 tur fiyatlar\u0131n\u0131n yakla\u015f\u0131k olarak 850 Euro ila 3.000 Euro aras\u0131nda de\u011fi\u015fti\u011fini s\u00f6yleyebiliriz. Tabii ki bu fiyat, tur \u015firketlerine g\u00f6re d\u00fc\u015febiliyor ya da artabiliyor.<\/p>\n\n\n\n<p>E\u011fer tur ile gitmek istemiyor ve kendi tatil plan\u0131n\u0131z\u0131 yapmak istiyorsan\u0131z seyahatiniz i\u00e7in ay\u0131rd\u0131\u011f\u0131n\u0131z b\u00fct\u00e7eyi d\u00fc\u015f\u00fcrmenin yollar\u0131ndan birinin ucuz u\u00e7ak bileti oldu\u011funu unutmamal\u0131s\u0131n\u0131z. <a href=\"https:\/\/www.mapfre.com.tr\/blog\/yasa\/ucuz-ucak-bileti-bulma-yollari\/\" target=\"_blank\" rel=\"noreferrer noopener\" aria-label=\" (yeni sekmede a\u00e7\u0131l\u0131r)\">Ucuz u\u00e7ak bileti bulman\u0131n yollar\u0131na<\/a> da yaz\u0131m\u0131zdan ula\u015fabilirsiniz!<\/p>\n\n\n\n<h2 class=\"wp-block-heading\" id=\"h-seyahat-sa-l-k-sigortas-ile-tatilinizi-g-venceye-almay-unutmay-n\"><strong>Seyahat Sa\u011fl\u0131k Sigortas\u0131 ile Tatilinizi G\u00fcvenceye Almay\u0131 Unutmay\u0131n<\/strong><\/h2>\n\n\n\n<p>Uzun zamand\u0131r planlad\u0131\u011f\u0131n\u0131z, gelmesi i\u00e7in geri say\u0131m yapt\u0131\u011f\u0131n\u0131z tatilinizde k\u00f6t\u00fc s\u00fcrprizlerle kar\u015f\u0131la\u015fmay\u0131 istemezsiniz, de\u011fil mi? \u0130\u015fte, seyahat sa\u011fl\u0131k sigortalar\u0131 bu olumsuzluklar kar\u015f\u0131s\u0131nda size g\u00fcvence olu\u015fturmak i\u00e7in var!<\/p>\n\n\n\n<p>Seyahat sa\u011fl\u0131k sigortalar\u0131 sayesinde, ani bir \u015fekilde olu\u015fan sa\u011fl\u0131k sorunlar\u0131n\u0131n tedavi giderlerinin kar\u015f\u0131lanmas\u0131ndan kay\u0131p bavulun bulunmas\u0131na kadar pek \u00e7ok k\u00f6t\u00fc s\u00fcrprize kar\u015f\u0131 g\u00fcvence olu\u015fturmak m\u00fcmk\u00fcn! Dilerseniz <a aria-label=\" (yeni sekmede a\u00e7\u0131l\u0131r)\" href=\"https:\/\/www.mapfre.com.tr\/blog\/yasa\/seyahat-saglik-sigortalari-hakkinda-bilmeniz-gerekenler\/\" target=\"_blank\" rel=\"noreferrer noopener\">seyahat sa\u011fl\u0131k sigortas\u0131 hakk\u0131nda bilmeniz gerekenleri<\/a> yaz\u0131m\u0131zdan okuyabilir ve ard\u0131ndan MAPFRE Sigorta <a href=\"https:\/\/satis.mapfre.com.tr\/seyahat-saglik-sigortasi\/\" target=\"_blank\" rel=\"noreferrer noopener\">seyahat sa\u011fl\u0131k sigortas\u0131 teklif<\/a> sayfas\u0131ndan fiyat bilgisi alarak sigortan\u0131z\u0131 online \u015fekilde yapt\u0131rabilirsiniz.<\/p>\n\n\n\n<p>Umar\u0131z Kuzey I\u015f\u0131klar\u0131n\u0131n nefes kesici atmosferini ya\u015fayanlardan biri olursunuz! \u015eimdiden g\u00fczel bir tatil dileriz.<\/p>\n","protected":false},"excerpt":{"rendered":"<p>Kuzey \u0131\u015f\u0131klar\u0131 nas\u0131l olu\u015fur, ne zaman g\u00f6r\u00fcl\u00fcr, Kuzey \u0131\u015f\u0131klar\u0131n\u0131 izlemek i\u00e7in en ideal \u00fclkeler hangileridir? Kutup \u0131\u015f\u0131klar\u0131 hakk\u0131nda merak edilenler burada.<\/p>\n","protected":false},"author":3,"featured_media":5669,"comment_status":"closed","ping_status":"open","sticky":false,"template":"","format":"standard","meta":{"footnotes":""},"categories":[886,10],"tags":[],"class_list":["post-5665","post","type-post","status-publish","format-standard","has-post-thumbnail","hentry","category-dusle","category-seyahat-yolculuk"],"_links":{"self":[{"href":"https:\/\/www.mapfre.com.tr\/blog\/wp-json\/wp\/v2\/posts\/5665","targetHints":{"allow":["GET"]}}],"collection":[{"href":"https:\/\/www.mapfre.com.tr\/blog\/wp-json\/wp\/v2\/posts"}],"about":[{"href":"https:\/\/www.mapfre.com.tr\/blog\/wp-json\/wp\/v2\/types\/post"}],"author":[{"embeddable":true,"href":"https:\/\/www.mapfre.com.tr\/blog\/wp-json\/wp\/v2\/users\/3"}],"replies":[{"embeddable":true,"href":"https:\/\/www.mapfre.com.tr\/blog\/wp-json\/wp\/v2\/comments?post=5665"}],"version-history":[{"count":4,"href":"https:\/\/www.mapfre.com.tr\/blog\/wp-json\/wp\/v2\/posts\/5665\/revisions"}],"predecessor-version":[{"id":8177,"href":"https:\/\/www.mapfre.com.tr\/blog\/wp-json\/wp\/v2\/posts\/5665\/revisions\/8177"}],"wp:featuredmedia":[{"embeddable":true,"href":"https:\/\/www.mapfre.com.tr\/blog\/wp-json\/wp\/v2\/media\/5669"}],"wp:attachment":[{"href":"https:\/\/www.mapfre.com.tr\/blog\/wp-json\/wp\/v2\/media?parent=5665"}],"wp:term":[{"taxonomy":"category","embeddable":true,"href":"https:\/\/www.mapfre.com.tr\/blog\/wp-json\/wp\/v2\/categories?post=5665"},{"taxonomy":"post_tag","embeddable":true,"href":"https:\/\/www.mapfre.com.tr\/blog\/wp-json\/wp\/v2\/tags?post=5665"}],"curies":[{"name":"wp","href":"https:\/\/api.w.org\/{rel}","templated":true}]}}