{"id":6371,"date":"2025-10-31T07:11:22","date_gmt":"2025-10-31T07:11:22","guid":{"rendered":"https:\/\/www.mapfre.com.tr\/blog\/?p=6371"},"modified":"2025-10-31T07:11:24","modified_gmt":"2025-10-31T07:11:24","slug":"arac-gosterge-panelindeki-isaretler-ne-anlama-geliyor","status":"publish","type":"post","link":"https:\/\/www.mapfre.com.tr\/blog\/yasa\/arac-gosterge-panelindeki-isaretler-ne-anlama-geliyor\/","title":{"rendered":"Ara\u00e7 G\u00f6sterge Paneli ve Anlamlar\u0131: \u0130kaz I\u015f\u0131klar\u0131 Neden Yanar?"},"content":{"rendered":"\n<p>Arac\u0131n\u0131z\u0131n bak\u0131m muayenesini zaman\u0131nda yapt\u0131rman\u0131n avantajlar\u0131ndan en \u00f6nemlisi hi\u00e7 ku\u015fkusuz ki var olan ya da olas\u0131 sorunlar\u0131n ke\u015ffedilip g\u00fcvenli\u011finizi sa\u011flamas\u0131d\u0131r. Fakat yapt\u0131rd\u0131\u011f\u0131n\u0131z d\u00fczenli kontrollere ra\u011fmen arac\u0131n\u0131zda ani olu\u015fan sorunlar da maddi-manevi olumsuz etkilenmenize neden olabilir. \u0130\u015fte, ara\u00e7 g\u00f6sterge panelindeki i\u015faretler de arac\u0131n\u0131zda var olan ar\u0131zalara kar\u015f\u0131 sizi uyarmas\u0131 bak\u0131m\u0131ndan b\u00fcy\u00fck \u00f6nem ta\u015f\u0131yor. Bunun yan\u0131 s\u0131ra arac\u0131n hangi \u00f6zelli\u011fini kulland\u0131\u011f\u0131n\u0131z ya da ne gibi bir sorunla kar\u015f\u0131la\u015fabilece\u011finiz konusunda da sizi bilgilendiren en \u00f6nemli ara\u00e7 g\u00f6sterge paneli i\u015faretlerine ve anlamlar\u0131na yak\u0131ndan bakal\u0131m!<\/p>\n\n\n\n<!--more-->\n\n\n\n<h2 class=\"wp-block-heading\"><strong>Ara\u00e7 G\u00f6sterge Panelindeki \u0130kaz I\u015f\u0131klar\u0131 Ne \u0130\u015fe Yarar?<\/strong><\/h2>\n\n\n\n<p>Araba g\u00f6sterge paneli, seyir halindeyken arac\u0131n\u0131zla ilgili hemen her bilgiyi g\u00f6rebilece\u011finiz bir b\u00f6l\u00fcmd\u00fcr. Arac\u0131n\u0131z\u0131 s\u00fcrerken h\u0131zdan yak\u0131ta, g\u00fcvenlik sistemlerinden ar\u0131za bilgilerine kadar t\u00fcm detaylar\u0131 bir arada g\u00f6rebilirsiniz. Bu paneldeki ikaz \u0131\u015f\u0131klar\u0131 ise size arac\u0131n eksikleri hakk\u0131nda bilgi verir.<\/p>\n\n\n\n<p>Arabadaki g\u00f6stergelerin \u00f6nemli bir k\u0131sm\u0131, ar\u0131za bildirimi olarak \u00e7al\u0131\u015f\u0131r. Bu \u0131\u015f\u0131klardan biri veya birka\u00e7\u0131 yand\u0131\u011f\u0131nda arac\u0131n\u0131z\u0131 servise g\u00f6t\u00fcrmeniz gerekebilir. D\u00fc\u015f\u00fck yak\u0131t ve hararet gibi durumlarla ilgili \u0131\u015f\u0131klar\u0131 kendiniz \u00e7\u00f6zebilirsiniz.&nbsp;<\/p>\n\n\n\n<p>Ara\u00e7 i\u00e7i g\u00f6stergeler sadece ar\u0131zalar ile ilgili de\u011fil, arac\u0131n kullan\u0131m durumu ile ilgili de bilgi verir. \u00d6rne\u011fin emniyet kemerinin tak\u0131l\u0131 olmamas\u0131, bir kap\u0131n\u0131n a\u00e7\u0131k kalm\u0131\u015f olmas\u0131, \u00e7ocuk kilidinin etkinle\u015ftirilmesi gibi durumlarda da paneldeki g\u00f6stergelerin \u0131\u015f\u0131klar\u0131 yanar. Ayr\u0131ca devreye al\u0131nan bir g\u00fcvenlik sistemiyle veya s\u00fcr\u00fc\u015f moduyla ilgili de ikaz \u0131\u015f\u0131\u011f\u0131 g\u00f6rebilirsiniz.&nbsp;<\/p>\n\n\n\n<h3 class=\"wp-block-heading\" id=\"h-fren-i-kaz-i-n-n-yanmas-ne-anlama-geliyor\"><strong>Fren \u0130kaz I\u015f\u0131\u011f\u0131n\u0131n Yanmas\u0131 Ne Anlama Geliyor?<\/strong><\/h3>\n\n\n\n<figure class=\"wp-block-image size-large\"><img loading=\"lazy\" decoding=\"async\" width=\"1000\" height=\"500\" src=\"https:\/\/www.mapfre.com.tr\/blog\/media\/2020\/07\/fren-ikaz-isigi.png\" alt=\"Fren \u0130kaz I\u015f\u0131\u011f\u0131\" class=\"wp-image-6382\" srcset=\"https:\/\/www.mapfre.com.tr\/blog\/media\/2020\/07\/fren-ikaz-isigi.png 1000w, https:\/\/www.mapfre.com.tr\/blog\/media\/2020\/07\/fren-ikaz-isigi-300x150.png 300w, https:\/\/www.mapfre.com.tr\/blog\/media\/2020\/07\/fren-ikaz-isigi-768x384.png 768w, https:\/\/www.mapfre.com.tr\/blog\/media\/2020\/07\/fren-ikaz-isigi-585x293.png 585w\" sizes=\"auto, (max-width: 1000px) 100vw, 1000px\" \/><\/figure>\n\n\n\n<p>Bir daire i\u00e7erisinde \u00fcnlemle ifade edilen fren ikaz \u0131\u015f\u0131\u011f\u0131 yand\u0131\u011f\u0131nda bu; fren hidroli\u011finin d\u00fc\u015f\u00fck, park freninin a\u00e7\u0131k ya da ABS sisteminin ar\u0131zal\u0131 oldu\u011fu anlam\u0131na gelebiliyor.<\/p>\n\n\n\n<p>Can ve mal g\u00fcvenli\u011finizi tehlikeye atabilecek bu sorunla kar\u015f\u0131la\u015ft\u0131\u011f\u0131n\u0131zda -e\u011fer ikaz, arac\u0131n el freninin \u00e7ekili olmas\u0131 nedeniyle verilmiyorsa- arac\u0131n\u0131z\u0131 yetkili servise g\u00f6t\u00fcrmelisiniz.<\/p>\n\n\n\n<h3 class=\"wp-block-heading\" id=\"h-ak-arj-i-kaz-i-n-n-yanmas-ne-anlama-geliyor\"><strong>Ak\u00fc \u015earj \u0130kaz I\u015f\u0131\u011f\u0131n\u0131n Yanmas\u0131 Ne Anlama Geliyor?<\/strong><\/h3>\n\n\n\n<figure class=\"wp-block-image size-large\"><img loading=\"lazy\" decoding=\"async\" width=\"1000\" height=\"500\" src=\"https:\/\/www.mapfre.com.tr\/blog\/media\/2020\/07\/aku-sarj-lambasi.png\" alt=\"Ak\u00fc \u015earj Lambas\u0131\" class=\"wp-image-6381\" srcset=\"https:\/\/www.mapfre.com.tr\/blog\/media\/2020\/07\/aku-sarj-lambasi.png 1000w, https:\/\/www.mapfre.com.tr\/blog\/media\/2020\/07\/aku-sarj-lambasi-300x150.png 300w, https:\/\/www.mapfre.com.tr\/blog\/media\/2020\/07\/aku-sarj-lambasi-768x384.png 768w, https:\/\/www.mapfre.com.tr\/blog\/media\/2020\/07\/aku-sarj-lambasi-585x293.png 585w\" sizes=\"auto, (max-width: 1000px) 100vw, 1000px\" \/><\/figure>\n\n\n\n<p>Dikd\u00f6rtgenin i\u00e7erisindeki art\u0131 (+) ve eksi (-) i\u015faretleri ile g\u00f6sterilen ak\u00fc ikaz \u0131\u015f\u0131\u011f\u0131 yand\u0131\u011f\u0131nda bu, ak\u00fcde bir sorun oldu\u011funu ve arac\u0131n\u0131z\u0131n elektrik g\u00fcc\u00fcn\u00fc kaybedebilece\u011fi anlam\u0131na gelebiliyor.<\/p>\n\n\n\n<p>Bu uyar\u0131y\u0131 g\u00f6rd\u00fc\u011f\u00fcn\u00fczde arac\u0131n\u0131z\u0131 park etmeli ve yetkili servis ya da bir \u00e7ekiciden yard\u0131m almal\u0131s\u0131n\u0131z.<\/p>\n\n\n\n<h3 class=\"wp-block-heading\" id=\"h-motor-ar-zas-i-n-n-yanmas-ne-anlama-geliyor\"><strong>Motor Ar\u0131zas\u0131 I\u015f\u0131\u011f\u0131n\u0131n Yanmas\u0131 Ne Anlama Geliyor?<\/strong><\/h3>\n\n\n\n<figure class=\"wp-block-image size-large\"><img loading=\"lazy\" decoding=\"async\" width=\"1000\" height=\"500\" src=\"https:\/\/www.mapfre.com.tr\/blog\/media\/2020\/07\/motor-arizasi-isigi.png\" alt=\"Motor Ar\u0131zas\u0131 I\u015f\u0131\u011f\u0131\" class=\"wp-image-6380\" srcset=\"https:\/\/www.mapfre.com.tr\/blog\/media\/2020\/07\/motor-arizasi-isigi.png 1000w, https:\/\/www.mapfre.com.tr\/blog\/media\/2020\/07\/motor-arizasi-isigi-300x150.png 300w, https:\/\/www.mapfre.com.tr\/blog\/media\/2020\/07\/motor-arizasi-isigi-768x384.png 768w, https:\/\/www.mapfre.com.tr\/blog\/media\/2020\/07\/motor-arizasi-isigi-585x293.png 585w\" sizes=\"auto, (max-width: 1000px) 100vw, 1000px\" \/><\/figure>\n\n\n\n<p>Motor ar\u0131zalar\u0131, ara\u00e7taki farkl\u0131 sistemlerden kaynakl\u0131 olabilir. Ar\u0131zan\u0131n nedeninin anla\u015f\u0131lmas\u0131 i\u00e7in bir uzman g\u00f6r\u00fc\u015f\u00fcne ihtiya\u00e7 duyulur. E\u011fer motor ar\u0131zas\u0131 ikaz lambas\u0131 devam olarak yan\u0131yorsa bu, arac\u0131n\u0131z\u0131 kesinlikle bir yetkili servise g\u00f6stermeniz gerekti\u011fi anlam\u0131na geliyor.<\/p>\n\n\n\n<p>Motor ar\u0131za lambas\u0131 ikonundaki k\u00fc\u00e7\u00fck de\u011fi\u015fiklikler, ara\u00e7taki ar\u0131za hakk\u0131nda size bilgi veriyor. Araba \u00e7al\u0131\u015ft\u0131r\u0131ld\u0131\u011f\u0131nda yanan ve k\u0131sa s\u00fcrede s\u00f6nen bu ikaz g\u00f6stergeleri e\u011fer ara\u00e7 \u00e7al\u0131\u015f\u0131rken yanm\u0131yorsa ya da yan\u0131p s\u00f6n\u00fcyorsa sorun var demektir. \u0130\u00e7i bo\u015f olan sembol, motordaki ar\u0131zay\u0131; i\u00e7 k\u0131sm\u0131nda a\u015fa\u011f\u0131 do\u011fru ok bulunmas\u0131, motor g\u00fcc\u00fcndeki azalmay\u0131; i\u00e7inde \u201cstop\u201d yazan sembol ise enjeksiyon hatas\u0131 oldu\u011funu belirtiyor.<\/p>\n\n\n\n<h3 class=\"wp-block-heading\" id=\"h-motor-ya-bas-nc-i-n-n-yanmas-ne-anlama-geliyor\"><strong>Motor Ya\u011f\u0131 Bas\u0131nc\u0131 I\u015f\u0131\u011f\u0131n\u0131n Yanmas\u0131 Ne Anlama Geliyor?<\/strong><\/h3>\n\n\n\n<figure class=\"wp-block-image size-large\"><img loading=\"lazy\" decoding=\"async\" width=\"1000\" height=\"500\" src=\"https:\/\/www.mapfre.com.tr\/blog\/media\/2020\/07\/motor-yagi-basinci-isareti.png\" alt=\"Motor Ya\u011f\u0131 \u0130\u015fareti\" class=\"wp-image-6379\" srcset=\"https:\/\/www.mapfre.com.tr\/blog\/media\/2020\/07\/motor-yagi-basinci-isareti.png 1000w, https:\/\/www.mapfre.com.tr\/blog\/media\/2020\/07\/motor-yagi-basinci-isareti-300x150.png 300w, https:\/\/www.mapfre.com.tr\/blog\/media\/2020\/07\/motor-yagi-basinci-isareti-768x384.png 768w, https:\/\/www.mapfre.com.tr\/blog\/media\/2020\/07\/motor-yagi-basinci-isareti-585x293.png 585w\" sizes=\"auto, (max-width: 1000px) 100vw, 1000px\" \/><\/figure>\n\n\n\n<p>Ya\u011f seviyesinin azalm\u0131\u015f oldu\u011funu belirten bu ikaz lambas\u0131 yan\u0131yorsa arac\u0131n\u0131z\u0131 uygun bir noktaya park edip ya\u011f seviyesini kontrol ettikten sonra ya\u011f eklemesi yapmal\u0131s\u0131n\u0131z. E\u011fer bu i\u015farette damlan\u0131n alt\u0131nda \u201cSensor\u201d yaz\u0131s\u0131 da beliriyorsa sens\u00f6r ar\u0131zalanm\u0131\u015f ya da kablolar\u0131nda hasar olu\u015fmu\u015f olabilir. Bu durumda arac\u0131n\u0131z\u0131 yetkili servise g\u00f6t\u00fcrmeniz sa\u011fl\u0131kl\u0131 olacakt\u0131r.<\/p>\n\n\n\n<h3 class=\"wp-block-heading\" id=\"h-k-zd-rma-bujisi-i-kaz-i-n-n-yanmas-ne-anlama-geliyor\"><strong>K\u0131zd\u0131rma Bujisi \u0130kaz I\u015f\u0131\u011f\u0131n\u0131n Yanmas\u0131 Ne Anlama Geliyor?<\/strong><\/h3>\n\n\n\n<figure class=\"wp-block-image size-large\"><img loading=\"lazy\" decoding=\"async\" width=\"1000\" height=\"500\" src=\"https:\/\/www.mapfre.com.tr\/blog\/media\/2020\/07\/kizdirma-bujisi-ikazi.png\" alt=\"K\u0131zd\u0131rma Bujisi\" class=\"wp-image-6377\" srcset=\"https:\/\/www.mapfre.com.tr\/blog\/media\/2020\/07\/kizdirma-bujisi-ikazi.png 1000w, https:\/\/www.mapfre.com.tr\/blog\/media\/2020\/07\/kizdirma-bujisi-ikazi-300x150.png 300w, https:\/\/www.mapfre.com.tr\/blog\/media\/2020\/07\/kizdirma-bujisi-ikazi-768x384.png 768w, https:\/\/www.mapfre.com.tr\/blog\/media\/2020\/07\/kizdirma-bujisi-ikazi-585x293.png 585w\" sizes=\"auto, (max-width: 1000px) 100vw, 1000px\" \/><\/figure>\n\n\n\n<p>Yak\u0131t-hava kar\u0131\u015f\u0131m\u0131n\u0131 ate\u015flemekle g\u00f6revli olan par\u00e7a olan bujilerde ar\u0131za olabilece\u011fini belirten bu ikaz lambas\u0131 yand\u0131\u011f\u0131nda motor ideal s\u0131cakl\u0131\u011fa gelene kadar egzozdan beyaz duman \u00e7\u0131kabilir.&nbsp;<\/p>\n\n\n\n<p>K\u0131zd\u0131rma bujisi ikaz lambas\u0131 yand\u0131\u011f\u0131nda arac\u0131n\u0131z\u0131 yetkili servise g\u00f6t\u00fcrerek sorunun \u00e7\u00f6z\u00fclmesini sa\u011flamal\u0131s\u0131n\u0131z.<\/p>\n\n\n\n<h3 class=\"wp-block-heading\" id=\"h-motor-hararet-g-stergesinin-yanmas-ne-anlama-geliyor\"><strong>Motor Hararet G\u00f6stergesinin Yanmas\u0131 Ne Anlama Geliyor?<\/strong><\/h3>\n\n\n\n<figure class=\"wp-block-image size-large\"><img loading=\"lazy\" decoding=\"async\" width=\"1000\" height=\"500\" src=\"https:\/\/www.mapfre.com.tr\/blog\/media\/2020\/07\/motor-hararet-gostergesi.png\" alt=\"Motor Hararet G\u00f6stergesi\" class=\"wp-image-6378\" srcset=\"https:\/\/www.mapfre.com.tr\/blog\/media\/2020\/07\/motor-hararet-gostergesi.png 1000w, https:\/\/www.mapfre.com.tr\/blog\/media\/2020\/07\/motor-hararet-gostergesi-300x150.png 300w, https:\/\/www.mapfre.com.tr\/blog\/media\/2020\/07\/motor-hararet-gostergesi-768x384.png 768w, https:\/\/www.mapfre.com.tr\/blog\/media\/2020\/07\/motor-hararet-gostergesi-585x293.png 585w\" sizes=\"auto, (max-width: 1000px) 100vw, 1000px\" \/><\/figure>\n\n\n\n<p>Motor so\u011futma suyu motoru yeterince so\u011futamad\u0131\u011f\u0131nda motor a\u015f\u0131r\u0131 \u0131s\u0131nabilir. Bu g\u00f6sterge de motorun a\u015f\u0131r\u0131 \u0131s\u0131nd\u0131\u011f\u0131 anlam\u0131na geliyor. Bu ikaz \u0131\u015f\u0131\u011f\u0131 yan\u0131yorsa ara\u00e7 motorunun zarar g\u00f6rmemesi i\u00e7in araban\u0131z\u0131 \u00e7al\u0131\u015ft\u0131rmamal\u0131 ve yetkili servise dan\u0131\u015fmal\u0131s\u0131n\u0131z.<\/p>\n\n\n\n<h3 class=\"wp-block-heading\" id=\"h-d-k-yak-t-g-stergesinin-yanmas-ne-anlama-geliyor\"><strong>D\u00fc\u015f\u00fck Yak\u0131t G\u00f6stergesinin Yanmas\u0131 Ne Anlama Geliyor?<\/strong><\/h3>\n\n\n\n<figure class=\"wp-block-image size-large\"><img loading=\"lazy\" decoding=\"async\" width=\"1000\" height=\"500\" src=\"https:\/\/www.mapfre.com.tr\/blog\/media\/2020\/07\/dusuk-yakit-gostergesi.png\" alt=\"D\u00fc\u015f\u00fck Yak\u0131t G\u00f6stergesi\" class=\"wp-image-6375\" srcset=\"https:\/\/www.mapfre.com.tr\/blog\/media\/2020\/07\/dusuk-yakit-gostergesi.png 1000w, https:\/\/www.mapfre.com.tr\/blog\/media\/2020\/07\/dusuk-yakit-gostergesi-300x150.png 300w, https:\/\/www.mapfre.com.tr\/blog\/media\/2020\/07\/dusuk-yakit-gostergesi-768x384.png 768w, https:\/\/www.mapfre.com.tr\/blog\/media\/2020\/07\/dusuk-yakit-gostergesi-585x293.png 585w\" sizes=\"auto, (max-width: 1000px) 100vw, 1000px\" \/><\/figure>\n\n\n\n<p>Yak\u0131t\u0131n\u0131z azald\u0131\u011f\u0131 ve yolda kalmaman\u0131z i\u00e7in en yak\u0131n yak\u0131t istasyonunuza gitmeniz i\u00e7in uyaran ikaz lambas\u0131d\u0131r.<\/p>\n\n\n\n<h3 class=\"wp-block-heading\" id=\"h-lastik-bas-n-sens-r-i-n-n-yanmas-ne-anlama-geliyor\"><strong>Lastik Bas\u0131n\u00e7 Sens\u00f6r I\u015f\u0131\u011f\u0131n\u0131n Yanmas\u0131 Ne Anlama Geliyor?<\/strong><\/h3>\n\n\n\n<figure class=\"wp-block-image size-large\"><img loading=\"lazy\" decoding=\"async\" width=\"1000\" height=\"500\" src=\"https:\/\/www.mapfre.com.tr\/blog\/media\/2020\/07\/lastik-basinc-gostergesi.png\" alt=\"Lastik Bas\u0131n\u00e7 G\u00f6stergesi\" class=\"wp-image-6376\" srcset=\"https:\/\/www.mapfre.com.tr\/blog\/media\/2020\/07\/lastik-basinc-gostergesi.png 1000w, https:\/\/www.mapfre.com.tr\/blog\/media\/2020\/07\/lastik-basinc-gostergesi-300x150.png 300w, https:\/\/www.mapfre.com.tr\/blog\/media\/2020\/07\/lastik-basinc-gostergesi-768x384.png 768w, https:\/\/www.mapfre.com.tr\/blog\/media\/2020\/07\/lastik-basinc-gostergesi-585x293.png 585w\" sizes=\"auto, (max-width: 1000px) 100vw, 1000px\" \/><\/figure>\n\n\n\n<p>Lastiklerinizin bas\u0131nc\u0131n\u0131n d\u00fc\u015ft\u00fc\u011f\u00fcn\u00fc g\u00f6steren ikaz i\u015faretidir. D\u00fc\u015f\u00fck bas\u0131n\u00e7l\u0131 lastikler, g\u00fcvensiz ve konforsuz s\u00fcr\u00fc\u015f deneyiminin yan\u0131 s\u0131ra fazla yak\u0131t t\u00fcketmenize de neden olabilir. Bu nedenle en yak\u0131n yak\u0131t istasyonuna gidip lastiklerinizi ideal d\u00fczeyde \u015fi\u015firmelisiniz.<\/p>\n\n\n\n<h3 class=\"wp-block-heading\" id=\"h-hava-yast-g-stergesinin-yanmas-ne-anlama-geliyor\"><strong>Hava Yast\u0131\u011f\u0131 G\u00f6stergesinin Yanmas\u0131 Ne Anlama Geliyor?<\/strong><\/h3>\n\n\n\n<figure class=\"wp-block-image size-large\"><img loading=\"lazy\" decoding=\"async\" width=\"1000\" height=\"500\" src=\"https:\/\/www.mapfre.com.tr\/blog\/media\/2020\/07\/hava-yastigi-ikazi.png\" alt=\"Hava Yast\u0131\u011f\u0131 \u0130kaz\u0131\" class=\"wp-image-6374\" srcset=\"https:\/\/www.mapfre.com.tr\/blog\/media\/2020\/07\/hava-yastigi-ikazi.png 1000w, https:\/\/www.mapfre.com.tr\/blog\/media\/2020\/07\/hava-yastigi-ikazi-300x150.png 300w, https:\/\/www.mapfre.com.tr\/blog\/media\/2020\/07\/hava-yastigi-ikazi-768x384.png 768w, https:\/\/www.mapfre.com.tr\/blog\/media\/2020\/07\/hava-yastigi-ikazi-585x293.png 585w\" sizes=\"auto, (max-width: 1000px) 100vw, 1000px\" \/><\/figure>\n\n\n\n<p>Umar\u0131z hi\u00e7 ger\u00e7ekle\u015fmez, fakat olas\u0131 bir trafik kazas\u0131nda hava yast\u0131\u011f\u0131n\u0131n hayat kurtaran \u00f6zelliklerden biri oldu\u011fu da ger\u00e7ek. Hava yast\u0131\u011f\u0131 ikaz \u0131\u015f\u0131\u011f\u0131n\u0131n yanmas\u0131 ise hava yast\u0131\u011f\u0131nda bir sorun oldu\u011funu belirtiyor. Sorunun \u00e7\u00f6z\u00fclmesi i\u00e7in ise yetkili servise gitmeniz gerekiyor.<\/p>\n\n\n\n<h3 class=\"wp-block-heading\" id=\"h-emniyet-kemeri-g-stergesinin-yanmas-ne-anlama-geliyor\"><strong>Emniyet Kemeri G\u00f6stergesinin Yanmas\u0131 Ne Anlama Geliyor?<\/strong><\/h3>\n\n\n\n<figure class=\"wp-block-image size-large\"><img loading=\"lazy\" decoding=\"async\" width=\"1000\" height=\"500\" src=\"https:\/\/www.mapfre.com.tr\/blog\/media\/2020\/07\/emniyet-kemeri-ikazi.png\" alt=\"Emniyet Kemeri \u0130kaz\u0131\" class=\"wp-image-6373\" srcset=\"https:\/\/www.mapfre.com.tr\/blog\/media\/2020\/07\/emniyet-kemeri-ikazi.png 1000w, https:\/\/www.mapfre.com.tr\/blog\/media\/2020\/07\/emniyet-kemeri-ikazi-300x150.png 300w, https:\/\/www.mapfre.com.tr\/blog\/media\/2020\/07\/emniyet-kemeri-ikazi-768x384.png 768w, https:\/\/www.mapfre.com.tr\/blog\/media\/2020\/07\/emniyet-kemeri-ikazi-585x293.png 585w\" sizes=\"auto, (max-width: 1000px) 100vw, 1000px\" \/><\/figure>\n\n\n\n<p>G\u00fcvenli\u011finizi sa\u011flayan emniyet kemerlerini takmak ve bu \u015fekilde yolculuk yapmak olduk\u00e7a \u00f6nemli. \u0130\u015fte, emniyet kemeri ikaz g\u00f6stergesi de unutma ihtimalinize kar\u015f\u0131 bunu size hat\u0131rlatmak i\u00e7in yan\u0131yor.<\/p>\n\n\n\n<p><strong>Kasko Sigortas\u0131 ile Zor Durumlara Kar\u015f\u0131 Temkinli Olmak M\u00fcmk\u00fcn<\/strong><\/p>\n\n\n\n<p>Direksiyon ba\u015f\u0131ndayken pek \u00e7ok s\u00fcr\u00fcc\u00fc stres alt\u0131nda hissedebiliyor; yo\u011fun trafikten yolda kalma ihtimaline kadar farkl\u0131 etkenler buna sebep olabiliyor. <a href=\"https:\/\/www.mapfre.com.tr\/blog\/yasa\/araba-kullanirken-stresi-azaltacak-oneriler\/\" target=\"_blank\" rel=\"noreferrer noopener\">Araba kullan\u0131rken stresi azaltma yollar\u0131ndan<\/a> biri ise hi\u00e7 ku\u015fkusuz temkinli bir \u015fekilde yola \u00e7\u0131kmak! MAPFRE Sigorta <a href=\"https:\/\/www.mapfre.com.tr\/sigorta-tr\/bireysel\/oto\/oto\/kasko-sigortasi\/\" target=\"_blank\" rel=\"noreferrer noopener\">Kasko Sigortas\u0131<\/a> ile \u00e7arp\u0131\u015fmadan ara\u00e7 \u00e7ekme ve kurtarmaya kadar poli\u00e7enizde yer alabilecek teminat ve poli\u00e7e limitleriniz d\u00e2hilde yoldaki tats\u0131z s\u00fcrprizlere kar\u015f\u0131 daha haz\u0131rl\u0131kl\u0131 olabilir ve g\u00fcvenle arac\u0131n\u0131z\u0131 s\u00fcrebilirsiniz!<\/p>\n\n\n\n<p>Dilerseniz <a href=\"https:\/\/www.mapfre.com.tr\/blog\/yasa\/otomobil\/kasko-neyi-karsilar-kasko-yaptirmanin-7-avantaji\/\" target=\"_blank\" rel=\"noreferrer noopener\">kasko yapt\u0131rman\u0131n avantajlar\u0131na<\/a> yaz\u0131m\u0131zdan g\u00f6z atabilir ve teklif sayfam\u0131zdan arac\u0131n\u0131za \u00f6zel <a href=\"https:\/\/www.mapfre.com.tr\/kasko-sigortasi-teklifi\/tr\/#\/customer-info?origen=params\" target=\"_blank\" rel=\"noreferrer noopener\">kasko sigortas\u0131 fiyatlar\u0131na<\/a> ula\u015fabilirsiniz.<\/p>\n\n\n\n<p>G\u00fcvenli s\u00fcr\u00fc\u015fler dileriz!<\/p>\n\n\n\n<p>MAPFRE Sigorta<\/p>\n\n\n\n<script type=\"application\/ld+json\">\n{\n  \"@context\": \"https:\/\/schema.org\",\n  \"@type\": \"FAQPage\",\n  \"mainEntity\": [{\n    \"@type\": \"Question\",\n    \"name\": \"Fren \u0130kaz I\u015f\u0131\u011f\u0131n\u0131n Yanmas\u0131 Ne Anlama Geliyor?\",\n    \"acceptedAnswer\": {\n      \"@type\": \"Answer\",\n      \"text\": \"Bir daire i\u00e7erisinde \u00fcnlemle ifade edilen fren ikaz \u0131\u015f\u0131\u011f\u0131 yand\u0131\u011f\u0131nda bu; fren hidroli\u011finin d\u00fc\u015f\u00fck, park freninin a\u00e7\u0131k ya da ABS sisteminin ar\u0131zal\u0131 oldu\u011fu anlam\u0131na gelebiliyor.\nCan ve mal g\u00fcvenli\u011finizi tehlikeye atabilecek bu sorunla kar\u015f\u0131la\u015ft\u0131\u011f\u0131n\u0131zda -e\u011fer ikaz, arac\u0131n el freninin \u00e7ekili olmas\u0131 nedeniyle verilmiyorsa- arac\u0131n\u0131z\u0131 yetkili servise g\u00f6t\u00fcrmelisiniz.\"\n    }\n  },{\n    \"@type\": \"Question\",\n    \"name\": \"Ak\u00fc \u015earj \u0130kaz I\u015f\u0131\u011f\u0131n\u0131n Yanmas\u0131 Ne Anlama Geliyor?\",\n    \"acceptedAnswer\": {\n      \"@type\": \"Answer\",\n      \"text\": \"Dikd\u00f6rtgenin i\u00e7erisindeki art\u0131 (+) ve eksi (-) i\u015faretleri ile g\u00f6sterilen ak\u00fc ikaz \u0131\u015f\u0131\u011f\u0131 yand\u0131\u011f\u0131nda bu, ak\u00fcde bir sorun oldu\u011funu ve arac\u0131n\u0131z\u0131n elektrik g\u00fcc\u00fcn\u00fc kaybedebilece\u011fi anlam\u0131na gelebiliyor.\nBu uyar\u0131y\u0131 g\u00f6rd\u00fc\u011f\u00fcn\u00fczde arac\u0131n\u0131z\u0131 park etmeli ve yetkili servis ya da bir \u00e7ekiciden yard\u0131m almal\u0131s\u0131n\u0131z.\"\n    }\n  }]\n}\n<\/script>\n","protected":false},"excerpt":{"rendered":"<p>Ara\u00e7 g\u00f6sterge panelindeki i\u015faretleri tan\u0131yarak pek \u00e7ok tats\u0131z s\u00fcrprize kar\u015f\u0131 haz\u0131rl\u0131kl\u0131 olabilirsiniz. G\u00f6sterge paneli sembollerini sizin i\u00e7in inceledik!<\/p>\n","protected":false},"author":3,"featured_media":6473,"comment_status":"closed","ping_status":"open","sticky":false,"template":"","format":"standard","meta":{"footnotes":""},"categories":[6,887],"tags":[899,911,914],"class_list":["post-6371","post","type-post","status-publish","format-standard","has-post-thumbnail","hentry","category-otomobil","category-yasa","tag-ipucu","tag-oto-yasam","tag-yol-asistani"],"_links":{"self":[{"href":"https:\/\/www.mapfre.com.tr\/blog\/wp-json\/wp\/v2\/posts\/6371","targetHints":{"allow":["GET"]}}],"collection":[{"href":"https:\/\/www.mapfre.com.tr\/blog\/wp-json\/wp\/v2\/posts"}],"about":[{"href":"https:\/\/www.mapfre.com.tr\/blog\/wp-json\/wp\/v2\/types\/post"}],"author":[{"embeddable":true,"href":"https:\/\/www.mapfre.com.tr\/blog\/wp-json\/wp\/v2\/users\/3"}],"replies":[{"embeddable":true,"href":"https:\/\/www.mapfre.com.tr\/blog\/wp-json\/wp\/v2\/comments?post=6371"}],"version-history":[{"count":3,"href":"https:\/\/www.mapfre.com.tr\/blog\/wp-json\/wp\/v2\/posts\/6371\/revisions"}],"predecessor-version":[{"id":10582,"href":"https:\/\/www.mapfre.com.tr\/blog\/wp-json\/wp\/v2\/posts\/6371\/revisions\/10582"}],"wp:featuredmedia":[{"embeddable":true,"href":"https:\/\/www.mapfre.com.tr\/blog\/wp-json\/wp\/v2\/media\/6473"}],"wp:attachment":[{"href":"https:\/\/www.mapfre.com.tr\/blog\/wp-json\/wp\/v2\/media?parent=6371"}],"wp:term":[{"taxonomy":"category","embeddable":true,"href":"https:\/\/www.mapfre.com.tr\/blog\/wp-json\/wp\/v2\/categories?post=6371"},{"taxonomy":"post_tag","embeddable":true,"href":"https:\/\/www.mapfre.com.tr\/blog\/wp-json\/wp\/v2\/tags?post=6371"}],"curies":[{"name":"wp","href":"https:\/\/api.w.org\/{rel}","templated":true}]}}