{"id":7076,"date":"2021-05-12T14:26:09","date_gmt":"2021-05-12T14:26:09","guid":{"rendered":"https:\/\/www.mapfre.com.tr\/blog\/?p=7076"},"modified":"2024-09-18T11:56:57","modified_gmt":"2024-09-18T11:56:57","slug":"kucuk-balkon-dekorasyonu-fikirleri","status":"publish","type":"post","link":"https:\/\/www.mapfre.com.tr\/blog\/dusle\/kucuk-balkon-dekorasyonu-fikirleri\/","title":{"rendered":"A\u00e7\u0131k Havaya \u0130htiya\u00e7 Var: K\u00fc\u00e7\u00fck Balkon Dekorasyonu Fikirleri"},"content":{"rendered":"\n<p>Malum, pandemi sebebiyle zaman\u0131m\u0131z\u0131n \u00e7o\u011fu evlerimizde ge\u00e7ti ve ge\u00e7meye de devam ediyor. Hal b\u00f6yleyken baz\u0131lar\u0131m\u0131z i\u00e7in ofis ya da okul haline gelmi\u015f olan ya\u015fam alanlar\u0131nda nefes alacak bir noktaya sahip olma ihtiyac\u0131n\u0131n do\u011fmas\u0131 gayet normal. E\u011fer bir balkonunuz varsa nefes alacak bir alana sahipsiniz demektir! Peki, siz de k\u00fc\u00e7\u00fck bir balkona sahip olan, ama bu alan\u0131 nas\u0131l kullan\u0131\u015fl\u0131 k\u0131labilece\u011finin \u00e7\u00f6z\u00fcmlerini arayanlardan m\u0131s\u0131n\u0131z? O halde bu yaz\u0131m\u0131z tam size g\u00f6re!<\/p>\n\n\n\n<!--more-->\n\n\n\n<p>\u0130\u015fte, k\u00fc\u00e7\u00fck ve dar balkon dekorasyonu i\u00e7in ipu\u00e7lar\u0131:<\/p>\n\n\n\n<h2 class=\"wp-block-heading\" id=\"h-minimal-bir-dekorasyon-uygulay-n\"><strong>Minimal Bir Dekorasyon Uygulay\u0131n<\/strong><\/h2>\n\n\n\n<p>Balkonunuz k\u00fc\u00e7\u00fck. Tam da bu nedenle olabildi\u011fince az e\u015fya ile alan\u0131 dekore etmeli, ihtiyac\u0131n\u0131z olmayan ve balkonunuzu daha dar hale getirebilecek e\u015fyaya alanda yer vermemelisiniz. Bu do\u011frultuda minimal stilin tam size g\u00f6re oldu\u011funu s\u00f6yleyebiliriz.<\/p>\n\n\n\n<p>Minimal dekorasyon; hantal tasar\u0131mlara sahip olmayan, sade ve i\u015flevsel olan mobilyalardan yard\u0131m al\u0131narak uygulanan bir dekorasyon stili. Bu stilin izinden giderek alanda bo\u011fucu olmayan, sade, \u015f\u0131k ve modern g\u00f6r\u00fcn\u00fcml\u00fc bir hava yakalayabilirsiniz. Dilerseniz <a href=\"https:\/\/www.mapfre.com.tr\/blog\/yasa\/sadelikten-gelen-estetik-minimal-salon-dekorasyonu-icin-ipuclari\/\" target=\"_blank\" rel=\"noreferrer noopener\">minimal salon dekorasyonunu<\/a> anlatt\u0131\u011f\u0131m\u0131z yaz\u0131m\u0131z sayesinde bu stil hakk\u0131nda ayr\u0131nt\u0131l\u0131 bilgi alabilirsiniz.<\/p>\n\n\n\n<h2 class=\"wp-block-heading\" id=\"h-balkon-dekorasyonunda-a-k-renkleri-tercih-edin\"><strong>Balkon Dekorasyonunda A\u00e7\u0131k Renkleri Tercih Edin<\/strong><\/h2>\n\n\n\n<p>K\u00fc\u00e7\u00fck balkonlar\u0131 i\u015flevsel bir \u015fekilde dekore etmek elbette \u00e7ok \u00f6nemli, oraya gelece\u011fiz; ama \u00f6ncelikle balkonunuzu oldu\u011fundan daha b\u00fcy\u00fck g\u00f6stermekle i\u015fe ba\u015flayal\u0131m. Bu sayede balkonunuzda zaman ge\u00e7irirken kendinizi daha iyi hissedebilirsiniz.<\/p>\n\n\n\n<p>Alan\u0131n daha b\u00fcy\u00fck oldu\u011fu alg\u0131s\u0131n\u0131 olu\u015fturabilmek i\u00e7in hayata ge\u00e7irebilece\u011finiz ipu\u00e7lar\u0131ndan biri, balkon dekorasyonu yaparken a\u00e7\u0131k renklerden yard\u0131m almak. Balkonun duvarlar\u0131nda ve zemininde a\u00e7\u0131k renkleri tercih etmenin yan\u0131 s\u0131ra balkon mobilyalar\u0131nda da ekru, a\u00e7\u0131k gri, krem rengi, beyaz, a\u00e7\u0131k kahverengi gibi a\u00e7\u0131k renklere sahip \u00fcr\u00fcnleri se\u00e7ebilirsiniz.<\/p>\n\n\n\n<figure class=\"wp-block-image size-large\"><img loading=\"lazy\" decoding=\"async\" width=\"1000\" height=\"500\" src=\"https:\/\/www.mapfre.com.tr\/blog\/media\/2021\/05\/kucuk-balkon-tasarimlari.jpg\" alt=\"K\u00fc\u00e7\u00fck Balkon Tasar\u0131mlar\u0131\" class=\"wp-image-7080\" srcset=\"https:\/\/www.mapfre.com.tr\/blog\/media\/2021\/05\/kucuk-balkon-tasarimlari.jpg 1000w, https:\/\/www.mapfre.com.tr\/blog\/media\/2021\/05\/kucuk-balkon-tasarimlari-300x150.jpg 300w, https:\/\/www.mapfre.com.tr\/blog\/media\/2021\/05\/kucuk-balkon-tasarimlari-768x384.jpg 768w, https:\/\/www.mapfre.com.tr\/blog\/media\/2021\/05\/kucuk-balkon-tasarimlari-585x293.jpg 585w\" sizes=\"auto, (max-width: 1000px) 100vw, 1000px\" \/><\/figure>\n\n\n\n<h2 class=\"wp-block-heading\" id=\"h-alan-kazand-ran-mobilyalar-de-erlendirin\"><strong>Alan Kazand\u0131ran Mobilyalar\u0131 De\u011ferlendirin<\/strong><\/h2>\n\n\n\n<p>K\u00fc\u00e7\u00fck balkonunuzu verimli bir \u015fekilde dekore edebilmek i\u00e7in en b\u00fcy\u00fck yard\u0131mc\u0131lar\u0131n\u0131z hi\u00e7 ku\u015fkusuz a\u00e7\u0131l\u0131r-kapan\u0131r masa ve sandalyeler. Bu mobilyalar sayesinde balkonda vakit ge\u00e7irece\u011finiz zaman mobilyalar\u0131n\u0131z\u0131 a\u00e7abilir ve sonras\u0131nda da kapatarak uygun bir yere kald\u0131rabilirsiniz. Yani balkonunuz her zaman dolu olmaz ve siz de \u00e7ama\u015f\u0131r kurutma gibi i\u015flemleri yine balkonunuzda yapabilirsiniz.<\/p>\n\n\n\n<p>Balkon demirliklerine as\u0131lan ya da duvara monte edilen masa \u00e7e\u015fitleri de k\u00fc\u00e7\u00fck balkonlar i\u00e7in uygun \u00e7\u00f6z\u00fcmlerden. \u00dcstelik bu masalar\u0131n \u00e7o\u011fu, a\u00e7\u0131l\u0131r-kapan\u0131r bir tasar\u0131ma sahip.&nbsp;<\/p>\n\n\n\n<p>Ayr\u0131ca \u00e7ok ama\u00e7l\u0131 mobilyalar da k\u00fc\u00e7\u00fck balkon dekorasyonu i\u00e7in bi\u00e7ilmi\u015f kaftan olabilir. \u00d6rne\u011fin dolapl\u0131 bir orta sehpa, depolama ihtiyac\u0131n\u0131z\u0131 da giderebilir ve bu sayede alan\u0131 daha kullan\u0131\u015fl\u0131 bir \u015fekilde dekore etmeniz konusunda size yard\u0131mc\u0131 olabilir.<\/p>\n\n\n\n<p>Evin her alan\u0131nda oldu\u011fu gibi balkonda da bir depolama alan\u0131na ihtiya\u00e7 duyabilirsiniz. Zemine konumland\u0131raca\u011f\u0131n\u0131z bir dolap ise zaten k\u00fc\u00e7\u00fck olan balkonunuzdaki kullan\u0131labilecek alan\u0131n daralmas\u0131na sebep olabilir. Bu gibi durumlarda en uygun \u00e7\u00f6z\u00fcm ise duvara monte edilen dolap&nbsp; gibi depolama alanlar\u0131ndan yararlanmak.<\/p>\n\n\n\n<h2 class=\"wp-block-heading\" id=\"h-aynadan-ya-da-effaf-camdan-yard-m-al-n\"><strong>Aynadan ya da \u015eeffaf Camdan Yard\u0131m Al\u0131n<\/strong><\/h2>\n\n\n\n<p>Ayna ve \u015feffaf cam, alan\u0131n daha geni\u015f oldu\u011fu alg\u0131s\u0131n\u0131 olu\u015fturabilir. Yani balkonunuz i\u00e7in masa se\u00e7erken imk\u00e2n\u0131n\u0131z varsa \u015feffaf caml\u0131 bir masa se\u00e7mek ve balkonun bir duvar\u0131na geni\u015f bir ayna asmak, balkonunuzda daha ferah bir dekorasyon yapman\u0131n ipu\u00e7lar\u0131ndan.<\/p>\n\n\n\n<h2 class=\"wp-block-heading\" id=\"h-dekorasyon-r-nlerinde-de-yer-tasarrufu-odakl-modelleri-se-in\"><strong>Dekorasyon \u00dcr\u00fcnlerinde de Yer Tasarrufu Odakl\u0131 Modelleri Se\u00e7in<\/strong><\/h2>\n\n\n\n<p>K\u00fc\u00e7\u00fck balkon tasar\u0131mlar\u0131nda dekorasyon \u00fcr\u00fcnlerine yer yok mu? Elbette var! Fakat alan k\u00fc\u00e7\u00fck oldu\u011fu i\u00e7in dekorasyon \u00fcr\u00fcnlerinde de balkonunuza uyum sa\u011flayabilecek \u00e7\u00f6z\u00fcmlere y\u00f6nelmelisiniz.<\/p>\n\n\n\n<p>O g\u00fczel bitkilerinizi, mis kokulu \u00e7i\u00e7eklerinizi balkonunuzda yeti\u015ftirmek istiyorsan\u0131z; ama saks\u0131lar\u0131 yerle\u015ftirmek i\u00e7in yeterli alan\u0131n\u0131z\u0131n olmad\u0131\u011f\u0131ndan \u015fik\u00e2yet\u00e7iyseniz hi\u00e7 merak etmeyin! Bu konuda da size alan kazand\u0131racak bir \u00e7\u00f6z\u00fcm var. Dilerseniz ask\u0131l\u0131 saks\u0131lar\u0131 balkon demirlerinize asabilir ya da makrome \u00f6rg\u00fc saks\u0131 tutacaklar\u0131 sayesinde saks\u0131lar\u0131n\u0131z\u0131 konumland\u0131r\u0131rken balkon dekorasyonunuza da katk\u0131 sa\u011flayabilirsiniz.<\/p>\n\n\n\n<figure class=\"wp-block-image size-large\"><img loading=\"lazy\" decoding=\"async\" width=\"1000\" height=\"500\" src=\"https:\/\/www.mapfre.com.tr\/blog\/media\/2021\/05\/dar-balkon-dekorasyonu-onerileri.jpg\" alt=\"Dar Balkon Dekorasyonu \u00d6nerileri\" class=\"wp-image-7078\" srcset=\"https:\/\/www.mapfre.com.tr\/blog\/media\/2021\/05\/dar-balkon-dekorasyonu-onerileri.jpg 1000w, https:\/\/www.mapfre.com.tr\/blog\/media\/2021\/05\/dar-balkon-dekorasyonu-onerileri-300x150.jpg 300w, https:\/\/www.mapfre.com.tr\/blog\/media\/2021\/05\/dar-balkon-dekorasyonu-onerileri-768x384.jpg 768w, https:\/\/www.mapfre.com.tr\/blog\/media\/2021\/05\/dar-balkon-dekorasyonu-onerileri-585x293.jpg 585w\" sizes=\"auto, (max-width: 1000px) 100vw, 1000px\" \/><\/figure>\n\n\n\n<h2 class=\"wp-block-heading\" id=\"h-ya-am-alan-n-z-risklere-kar-korumay-i-hmal-etmeyin\"><strong>Ya\u015fam Alan\u0131n\u0131z\u0131 Risklere Kar\u015f\u0131 Korumay\u0131 \u0130hmal Etmeyin<\/strong><\/h2>\n\n\n\n<p>K\u00fc\u00e7\u00fck ve dar balkonlarda dekorasyon yaparken hangi noktalara dikkat etmeniz gerekti\u011finden bahsettik. Dileriz ki yeni balkonunuzda da evinizin di\u011fer alanlar\u0131nda oldu\u011fu gibi keyifli ve g\u00fczel zamanlar ge\u00e7irirsiniz!<\/p>\n\n\n\n<p>S\u00f6z konusu ya\u015fam alan\u0131n\u0131z oldu\u011funda huzurunuzun bozulmamas\u0131 i\u00e7in elbette risklere kar\u015f\u0131 \u00f6nlem almak da \u015fart. Her y\u0131l yenilenmesi zorunlu olan, evinizi&nbsp; depreme kar\u015f\u0131 belirlenen teminat ve limitler kapsam\u0131nda g\u00fcvence alt\u0131na alan <a href=\"https:\/\/www.mapfre.com.tr\/sigorta-tr\/bireysel\/konut\/konut\/zorunlu-deprem-sigortasi\/\" target=\"_blank\" rel=\"noreferrer noopener\">DASK<\/a> bu do\u011frultuda en \u00e7ok bilinen sigorta \u00fcr\u00fcnlerinden. Bunun yan\u0131 s\u0131ra <a href=\"https:\/\/www.mapfre.com.tr\/sigorta-tr\/bireysel\/konut\/konut\/konutlar-icin-cagdas-guvence-sigortasi\/\" target=\"_blank\" rel=\"noreferrer noopener\">Konutlar \u0130\u00e7in \u00c7a\u011fda\u015f G\u00fcvence Sigortas\u0131<\/a> sayesinde de h\u0131rs\u0131zl\u0131ktan yang\u0131na kadar pek \u00e7ok konuda evinizi g\u00fcvence alt\u0131na alabilirsiniz. Dilerseniz <a href=\"https:\/\/www.mapfre.com.tr\/blog\/yasa\/konut-sigortasi-ve-dask-arasindaki-fark-nedir\/\" target=\"_blank\" rel=\"noreferrer noopener\">DASK ve konut sigortas\u0131 farklar\u0131na<\/a> g\u00f6z atarak bu iki \u00fcr\u00fcn\u00fc yak\u0131ndan tan\u0131yabilirsiniz. Hatta size en yak\u0131n <a href=\"https:\/\/form.mapfre.com.tr\/iletisim\/formlar\/acenteler\" target=\"_blank\" rel=\"noreferrer noopener\">acentemiz<\/a> de akl\u0131n\u0131za tak\u0131lan sorular\u0131 yan\u0131tlamak, ihtiyac\u0131n\u0131za uygun poli\u00e7eyi haz\u0131rlamak i\u00e7in size yard\u0131mc\u0131 olmaya haz\u0131r.<\/p>\n","protected":false},"excerpt":{"rendered":"<p>Malum, pandemi sebebiyle zaman\u0131m\u0131z\u0131n \u00e7o\u011fu evlerimizde ge\u00e7ti ve ge\u00e7meye de devam ediyor. Hal b\u00f6yleyken baz\u0131lar\u0131m\u0131z i\u00e7in ofis ya da okul&hellip;<\/p>\n","protected":false},"author":3,"featured_media":7079,"comment_status":"closed","ping_status":"open","sticky":false,"template":"","format":"standard","meta":{"footnotes":""},"categories":[886,16],"tags":[893,899],"class_list":["post-7076","post","type-post","status-publish","format-standard","has-post-thumbnail","hentry","category-dusle","category-yasam-alani","tag-ev-dekorasyon","tag-ipucu"],"_links":{"self":[{"href":"https:\/\/www.mapfre.com.tr\/blog\/wp-json\/wp\/v2\/posts\/7076","targetHints":{"allow":["GET"]}}],"collection":[{"href":"https:\/\/www.mapfre.com.tr\/blog\/wp-json\/wp\/v2\/posts"}],"about":[{"href":"https:\/\/www.mapfre.com.tr\/blog\/wp-json\/wp\/v2\/types\/post"}],"author":[{"embeddable":true,"href":"https:\/\/www.mapfre.com.tr\/blog\/wp-json\/wp\/v2\/users\/3"}],"replies":[{"embeddable":true,"href":"https:\/\/www.mapfre.com.tr\/blog\/wp-json\/wp\/v2\/comments?post=7076"}],"version-history":[{"count":2,"href":"https:\/\/www.mapfre.com.tr\/blog\/wp-json\/wp\/v2\/posts\/7076\/revisions"}],"predecessor-version":[{"id":7239,"href":"https:\/\/www.mapfre.com.tr\/blog\/wp-json\/wp\/v2\/posts\/7076\/revisions\/7239"}],"wp:featuredmedia":[{"embeddable":true,"href":"https:\/\/www.mapfre.com.tr\/blog\/wp-json\/wp\/v2\/media\/7079"}],"wp:attachment":[{"href":"https:\/\/www.mapfre.com.tr\/blog\/wp-json\/wp\/v2\/media?parent=7076"}],"wp:term":[{"taxonomy":"category","embeddable":true,"href":"https:\/\/www.mapfre.com.tr\/blog\/wp-json\/wp\/v2\/categories?post=7076"},{"taxonomy":"post_tag","embeddable":true,"href":"https:\/\/www.mapfre.com.tr\/blog\/wp-json\/wp\/v2\/tags?post=7076"}],"curies":[{"name":"wp","href":"https:\/\/api.w.org\/{rel}","templated":true}]}}