{"id":8692,"date":"2023-02-24T08:30:15","date_gmt":"2023-02-24T08:30:15","guid":{"rendered":"https:\/\/www.mapfre.com.tr\/blog\/?p=8692"},"modified":"2024-09-18T11:30:31","modified_gmt":"2024-09-18T11:30:31","slug":"surdurulebilir-yasam-tarzini-gunluk-hayatina-uygulamanin-yollari","status":"publish","type":"post","link":"https:\/\/www.mapfre.com.tr\/blog\/dusle\/surdurulebilir-yasam-tarzini-gunluk-hayatina-uygulamanin-yollari\/","title":{"rendered":"\u00c7evre Dostu Ya\u015fam: G\u00fcnl\u00fck Hayatta S\u00fcrd\u00fcr\u00fclebilir Ya\u015fama Dair \u0130pu\u00e7lar\u0131"},"content":{"rendered":"\n<p>Daha g\u00fczel bir d\u00fcnya i\u00e7in neler yapabiliriz? Bu sorunun cevab\u0131, \u00e7evre dostu bir ya\u015fam s\u00fcrmekte gizli. \u00c7evre dostu bir ya\u015fam s\u00fcrmek i\u00e7in ise s\u00fcrd\u00fcr\u00fclebilirlik \u00e7al\u0131\u015fmalar\u0131na destek olmak ve s\u00fcrd\u00fcr\u00fclebilir ya\u015fam\u0131 g\u00fcnl\u00fck hayat\u0131m\u0131za adapte etmek gerekiyor. Peki, s\u00fcrd\u00fcr\u00fclebilirlik ve s\u00fcrd\u00fcr\u00fclebilir ya\u015fam nedir?<\/p>\n\n\n\n<!--more-->\n\n\n\n<p>Gelin, s\u00fcrd\u00fcr\u00fclebilirlik hakk\u0131nda merak etti\u011finiz sorular\u0131 yan\u0131tlayal\u0131m ve s\u00fcrd\u00fcr\u00fclebilir hayat tarz\u0131n\u0131 sa\u011flaman\u0131n yollar\u0131n\u0131 a\u00e7\u0131klayal\u0131m.<\/p>\n\n\n\n<h2 class=\"wp-block-heading\" id=\"h-s-rd-r-lebilirlik-nedir\"><strong>S\u00fcrd\u00fcr\u00fclebilirlik Nedir?&nbsp;<\/strong><\/h2>\n\n\n\n<p>S\u00fcrd\u00fcr\u00fclebilirlik, gelecek nesillerin ihtiya\u00e7lar\u0131n\u0131 kar\u015f\u0131lamak i\u00e7in do\u011fal kaynaklar\u0131n s\u00fcrd\u00fcr\u00fclebilir bir \u015fekilde korunmas\u0131n\u0131 ve kullan\u0131lmas\u0131n\u0131 hedefleyen kavramd\u0131r. Bu kavram ilk olarak 1983\u2019te Birle\u015fmi\u015f Milletler\u2019in \u201cOrtak Gelece\u011fimiz\u201d raporunda yer ald\u0131. G\u00fcn\u00fcm\u00fczde ise bir\u00e7ok toplumsal \u00f6rg\u00fct taraf\u0131ndan s\u00fcrd\u00fcr\u00fclebilirli\u011fi sa\u011flamak i\u00e7in \u00e7e\u015fitli ara\u015ft\u0131rmalar yap\u0131l\u0131yor ve hedefler belirleniyor. Bu hedeflerden bir tanesi de s\u00fcrd\u00fcr\u00fclebilirli\u011fi, bir ya\u015fam stili haline getirmek yani s\u00fcrd\u00fcr\u00fclebilir ya\u015fam\u0131 olu\u015fturmakt\u0131r.&nbsp;&nbsp;<\/p>\n\n\n\n<h2 class=\"wp-block-heading\"><strong>S\u00fcrd\u00fcr\u00fclebilir Ya\u015fam Nedir?<\/strong><\/h2>\n\n\n\n<p>S\u00fcrd\u00fcr\u00fclebilir ya\u015fam, s\u00fcrd\u00fcr\u00fclebilir hayat tarz\u0131n\u0131 benimsemek anlam\u0131na gelir. Bu hayat tarz\u0131n\u0131 benimseyen ki\u015filer, do\u011faya daha duyarl\u0131 ve sorumlu bir \u015fekilde yakla\u015f\u0131r. \u00c7evre kirlili\u011fi, iklim de\u011fi\u015fikli\u011fi ve do\u011fal kaynaklar\u0131n t\u00fckenmesi gibi global sorunlarla m\u00fccadele etmeye \u00e7al\u0131\u015f\u0131r. Ancak s\u00fcrd\u00fcr\u00fclebilir ya\u015fam\u0131 benimsemek bir s\u00fcre\u00e7tir. Bu y\u00f6n\u00fcyle emek ve ilgi gerektirir.&nbsp;&nbsp;<\/p>\n\n\n\n<h2 class=\"wp-block-heading\"><strong>S\u00fcrd\u00fcr\u00fclebilir Ya\u015fam \u0130\u00e7in Neler Yapabiliriz?<\/strong><\/h2>\n\n\n\n<p>Hem bug\u00fcn\u00fcn hem de gelecek nesillerin refah\u0131n\u0131 sa\u011flamay\u0131, \u00e7evre ve toplum \u00fczerindeki olumsuz etkileri en aza indirmeyi ama\u00e7layan s\u00fcrd\u00fcr\u00fclebilir ya\u015fam tarz\u0131n\u0131 uygulaman\u0131n \u00e7e\u015fitli yollar\u0131 bulunur. S\u00fcrd\u00fcr\u00fclebilir bir hayat i\u00e7in yapabileceklerinizden baz\u0131lar\u0131n\u0131 \u015f\u00f6yle s\u0131ralayal\u0131m:<\/p>\n\n\n\n<h3 class=\"wp-block-heading\"><strong>1. Reduce, Reuse, Recycle: Azalt, Yeniden Kullan, Geri D\u00f6n\u00fc\u015ft\u00fcr<\/strong><\/h3>\n\n\n\n<figure class=\"wp-block-gallery has-nested-images columns-default is-cropped wp-block-gallery-1 is-layout-flex wp-block-gallery-is-layout-flex\">\n<figure class=\"wp-block-image size-large\"><img loading=\"lazy\" decoding=\"async\" width=\"724\" height=\"483\" data-id=\"8697\" src=\"https:\/\/www.mapfre.com.tr\/blog\/media\/2023\/02\/Reduce-reuse-recycle.jpg\" alt=\"Geri D\u00f6n\u00fc\u015f\u00fcm\" class=\"wp-image-8697\" srcset=\"https:\/\/www.mapfre.com.tr\/blog\/media\/2023\/02\/Reduce-reuse-recycle.jpg 724w, https:\/\/www.mapfre.com.tr\/blog\/media\/2023\/02\/Reduce-reuse-recycle-300x200.jpg 300w, https:\/\/www.mapfre.com.tr\/blog\/media\/2023\/02\/Reduce-reuse-recycle-585x390.jpg 585w, https:\/\/www.mapfre.com.tr\/blog\/media\/2023\/02\/Reduce-reuse-recycle-263x175.jpg 263w\" sizes=\"auto, (max-width: 724px) 100vw, 724px\" \/><\/figure>\n<\/figure>\n\n\n\n<p>\u0130ngilizce 3R olarak adland\u0131r\u0131lan reduce, reuse ve recycle kavramlar\u0131 T\u00fcrk\u00e7ede azalt, yeniden kullan ve geri d\u00f6n\u00fc\u015ft\u00fcr anlamlar\u0131na gelir. 3R, s\u00fcrd\u00fcr\u00fclebilir ya\u015fam\u0131n ilk ad\u0131mlar\u0131ndan biridir. Bu y\u00f6ntemi g\u00fcnl\u00fck hayat\u0131n\u0131za ta\u015f\u0131yabilmeniz i\u00e7in yapabileceklerinizi \u015f\u00f6yle s\u0131ralayabiliriz:<\/p>\n\n\n\n<ul class=\"wp-block-list\">\n<li>Marketten \u00fcr\u00fcn alaca\u011f\u0131n\u0131z zaman, tercihinizi b\u00fcy\u00fck ambalajlardan yana yapabilirsiniz. Mesela yar\u0131m litrelik de\u011fil, 1 litrelik s\u00fct alabilirsiniz. B\u00f6ylece daha az at\u0131k olu\u015fturursunuz.&nbsp;<\/li>\n\n\n\n<li>Tek kullan\u0131ml\u0131k plastik \u015fi\u015feler yerine tekrar kullan\u0131labilir su \u015fi\u015fesi alabilirsiniz. B\u00f6ylece plastik t\u00fcketmezsiniz.<\/li>\n\n\n\n<li>Karbon emisyonunu azaltmak i\u00e7in \u00f6zel arac\u0131n\u0131z\u0131 kullanmaktansa gidece\u011finiz yere toplu ta\u015f\u0131mayla veya bisikletle gidebilirsiniz. B\u00f6ylece karbon ayak izinizi (t\u00fcketim faaliyetlerinizde harcad\u0131\u011f\u0131n\u0131z sera gaz\u0131 sal\u0131n\u0131m\u0131n\u0131n miktar\u0131n\u0131) azalt\u0131rs\u0131n\u0131z. \u00c7\u00fcnk\u00fc toplu ta\u015f\u0131ma, trafikteki araba miktar\u0131n\u0131 ve dolay\u0131s\u0131yla hava kirlili\u011fini azalt\u0131r. Bu da&nbsp; s\u00fcrd\u00fcr\u00fclebilir ya\u015fam tarz\u0131n\u0131n bir par\u00e7as\u0131d\u0131r. Ayr\u0131ca k\u0131sa mesafeli yolculuklar\u0131n\u0131z\u0131 y\u00fcr\u00fcyerek de yapabilirsiniz.&nbsp;<\/li>\n\n\n\n<li>Tek kullan\u0131ml\u0131k plastik po\u015fetler yerine bez al\u0131\u015fveri\u015f \u00e7antalar\u0131 kullanabilirsiniz.<\/li>\n\n\n\n<li>Eski kavanozlar\u0131 veya kaplar\u0131 saklama kab\u0131 olarak kullanabilirsiniz.&nbsp;<\/li>\n\n\n\n<li>Eski k\u0131yafetleri veya kuma\u015flar\u0131 de\u011ferlendirebilirsiniz. Mesela eski kazaklar\u0131n\u0131zdan patchwork (k\u0131rkyama) ile yeni tasar\u0131mlar yapabilirsiniz. Battaniye, hal\u0131 veya masa \u00f6rt\u00fcs\u00fc bunlara \u00f6rnek olabilir.&nbsp;<\/li>\n\n\n\n<li>Eski elektronik cihazlar\u0131 geri d\u00f6n\u00fc\u015f\u00fcm merkezlerine g\u00f6t\u00fcrerek de\u011ferlendirebilirsiniz. Baz\u0131 elektronik ma\u011fazalara, geri d\u00f6n\u00fc\u015f\u00fcm i\u00e7in cihazlar\u0131n\u0131z\u0131 al\u0131p alamayaca\u011f\u0131n\u0131 sorabilirsiniz.<\/li>\n<\/ul>\n\n\n\n<p>T\u00fcketimi azaltmak, geri d\u00f6n\u00fc\u015f\u00fcm\u00fc art\u0131rmak, plastik ve tek kullan\u0131ml\u0131k \u00fcr\u00fcnleri almak yerine tekrar kullan\u0131labilir \u00fcr\u00fcnleri tercih etmek en temel s\u00fcrd\u00fcr\u00fclebilirlik \u00e7al\u0131\u015fmalar\u0131ndand\u0131r. Ayr\u0131ca <a href=\"https:\/\/www.mapfre.com.tr\/blog\/dusle\/plastik-kullanimi-nasil-azaltilir\/\" target=\"_blank\" rel=\"noreferrer noopener\">plastik kullan\u0131m\u0131n\u0131n nas\u0131l azalt\u0131labilece\u011fi<\/a> konusunda yard\u0131ma ihtiyac\u0131n\u0131z varsa yaz\u0131m\u0131z\u0131 okuyabilirsiniz.\u00a0<\/p>\n\n\n\n<h3 class=\"wp-block-heading\"><strong>2. Enerji ve Su Tasarrufu Yap\u0131n<\/strong><\/h3>\n\n\n\n<figure class=\"wp-block-gallery has-nested-images columns-default is-cropped wp-block-gallery-2 is-layout-flex wp-block-gallery-is-layout-flex\">\n<figure class=\"wp-block-image size-large\"><img loading=\"lazy\" decoding=\"async\" width=\"724\" height=\"483\" data-id=\"8696\" src=\"https:\/\/www.mapfre.com.tr\/blog\/media\/2023\/02\/Enerji-ve-su-tasarrufu-yapin.jpg\" alt=\"Enerji Ve Su Tasarrufu Yap\u0131n\" class=\"wp-image-8696\" srcset=\"https:\/\/www.mapfre.com.tr\/blog\/media\/2023\/02\/Enerji-ve-su-tasarrufu-yapin.jpg 724w, https:\/\/www.mapfre.com.tr\/blog\/media\/2023\/02\/Enerji-ve-su-tasarrufu-yapin-300x200.jpg 300w, https:\/\/www.mapfre.com.tr\/blog\/media\/2023\/02\/Enerji-ve-su-tasarrufu-yapin-585x390.jpg 585w, https:\/\/www.mapfre.com.tr\/blog\/media\/2023\/02\/Enerji-ve-su-tasarrufu-yapin-263x175.jpg 263w\" sizes=\"auto, (max-width: 724px) 100vw, 724px\" \/><\/figure>\n<\/figure>\n\n\n\n<p>Tasarruf, s\u00fcrd\u00fcr\u00fclebilir bir ya\u015fam tarz\u0131n\u0131n olmazsa olmaz\u0131d\u0131r. Enerji ve su tasarrufu yapabilmek i\u00e7in g\u00fcnl\u00fck hayat\u0131n\u0131zda yapabilece\u011finiz de\u011fi\u015fiklikler \u015funlar olabilir:<\/p>\n\n\n\n<ul class=\"wp-block-list\">\n<li>Elektronik cihazlar\u0131 kullanmad\u0131\u011f\u0131n\u0131z s\u0131rada fi\u015ften \u00e7ekin. \u00c7\u00fcnk\u00fc fi\u015fte kald\u0131klar\u0131 s\u00fcre boyunca enerji harcamaya devam ederler.&nbsp;<\/li>\n\n\n\n<li>Geleneksel akkor ampullerden daha az enerji t\u00fcketen ve nispeten daha uzun s\u00fcre dayanan LED (Light-Emitting Diode) veya CFL (Compact Fluorescent Lamp) gibi enerji tasarruflu ampuller tercih edebilirsiniz.&nbsp;<\/li>\n\n\n\n<li>Du\u015f s\u0131ras\u0131nda kullan\u0131lan su miktar\u0131n\u0131 azaltmak i\u00e7in su tasarruflu du\u015f ba\u015fl\u0131\u011f\u0131 kullanabilirsiniz.&nbsp;<\/li>\n\n\n\n<li>Su israf\u0131n\u0131 \u00f6nlemek i\u00e7in evinizde damlayan musluk varsa s\u0131z\u0131nt\u0131 ya\u015fanmamas\u0131 i\u00e7in tamir edebilirsiniz.&nbsp;<\/li>\n\n\n\n<li>Fazla enerji harcayan \u00e7ama\u015f\u0131r kurutucular\u0131 kullanmak yerine kurutma ask\u0131s\u0131 kullanabilirsiniz.<\/li>\n\n\n\n<li>Evinizin veya i\u015f yerinizin \u0131s\u0131tma ve so\u011futma sistemlerini kontrol etmek ve enerji tasarrufunu sa\u011flamak i\u00e7in programlanabilir termostat takabilirsiniz.<\/li>\n\n\n\n<li>Odadan veya evden \u00e7\u0131karken \u0131\u015f\u0131klar\u0131 ve cihazlar\u0131 kapatabilirsiniz.<\/li>\n\n\n\n<li>Eski cihazlar\u0131 de\u011fi\u015ftirmeye ihtiyac\u0131n\u0131z oldu\u011funda enerji tasarruflu cihazlar\u0131 sat\u0131n alabilirsiniz.&nbsp;<\/li>\n<\/ul>\n\n\n\n<h3 class=\"wp-block-heading\"><strong>3. Yerel Besinler T\u00fcketebilirsiniz<\/strong><\/h3>\n\n\n\n<figure class=\"wp-block-gallery has-nested-images columns-default is-cropped wp-block-gallery-3 is-layout-flex wp-block-gallery-is-layout-flex\">\n<figure class=\"wp-block-image size-large\"><img loading=\"lazy\" decoding=\"async\" width=\"724\" height=\"483\" data-id=\"8695\" src=\"https:\/\/www.mapfre.com.tr\/blog\/media\/2023\/02\/surdurulebilirlik-icin-yerel-besinler-tuketin.jpg\" alt=\"S\u00fcrd\u00fcr\u00fclebilirlik \u0130\u00e7in Yerel Besinler T\u00fcketin\" class=\"wp-image-8695\" srcset=\"https:\/\/www.mapfre.com.tr\/blog\/media\/2023\/02\/surdurulebilirlik-icin-yerel-besinler-tuketin.jpg 724w, https:\/\/www.mapfre.com.tr\/blog\/media\/2023\/02\/surdurulebilirlik-icin-yerel-besinler-tuketin-300x200.jpg 300w, https:\/\/www.mapfre.com.tr\/blog\/media\/2023\/02\/surdurulebilirlik-icin-yerel-besinler-tuketin-585x390.jpg 585w, https:\/\/www.mapfre.com.tr\/blog\/media\/2023\/02\/surdurulebilirlik-icin-yerel-besinler-tuketin-263x175.jpg 263w\" sizes=\"auto, (max-width: 724px) 100vw, 724px\" \/><\/figure>\n<\/figure>\n\n\n\n<p>S\u00fcrd\u00fcr\u00fclebilir hayat tarz\u0131n\u0131 benimsemek i\u00e7in yerel ve organik olarak yeti\u015ftirilen g\u0131dalar t\u00fcketebilirsiniz. Et t\u00fcketimini azaltabilir ve s\u00fcrd\u00fcr\u00fclebilir bal\u0131k\u00e7\u0131l\u0131k uygulamalar\u0131n\u0131 destekleyebilirsiniz. Ayr\u0131ca yerel olarak yeti\u015ftirilen ve mevsiminde \u00fcretilen \u00fcr\u00fcnleri sat\u0131n alabilirsiniz. \u00c7\u00fcnk\u00fc yerel bal\u0131k\u00e7\u0131l\u0131\u011f\u0131 ve \u00e7ift\u00e7ili\u011fi destekler, ula\u015f\u0131m kaynakl\u0131 karbon ayak izini azalt\u0131r ve yerel ekonomiyi g\u00fc\u00e7lendirir. \u00c7ift\u00e7ileri desteklemenin yollar\u0131ndan biri ise lokal pazarlardan al\u0131\u015fveri\u015f yapmakt\u0131r. Bu da s\u00fcrd\u00fcr\u00fclebilirlik \u00e7al\u0131\u015fmalar\u0131n\u0131n en temel hedeflerindendir.\u00a0<\/p>\n\n\n\n<h3 class=\"wp-block-heading\"><strong>4. Topluluklara D\u00e2hil Olun<\/strong><\/h3>\n\n\n\n<figure class=\"wp-block-gallery has-nested-images columns-default is-cropped wp-block-gallery-4 is-layout-flex wp-block-gallery-is-layout-flex\">\n<figure class=\"wp-block-image size-large\"><img loading=\"lazy\" decoding=\"async\" width=\"724\" height=\"483\" data-id=\"8694\" src=\"https:\/\/www.mapfre.com.tr\/blog\/media\/2023\/02\/surdurulebilirligi-saglamak-icin-topluluklara-dahil-olun.jpg\" alt=\"S\u00fcrd\u00fcr\u00fclebilirli\u011fi Sa\u011flamak \u0130\u00e7in Topluluklara Dahil Olun\" class=\"wp-image-8694\" srcset=\"https:\/\/www.mapfre.com.tr\/blog\/media\/2023\/02\/surdurulebilirligi-saglamak-icin-topluluklara-dahil-olun.jpg 724w, https:\/\/www.mapfre.com.tr\/blog\/media\/2023\/02\/surdurulebilirligi-saglamak-icin-topluluklara-dahil-olun-300x200.jpg 300w, https:\/\/www.mapfre.com.tr\/blog\/media\/2023\/02\/surdurulebilirligi-saglamak-icin-topluluklara-dahil-olun-585x390.jpg 585w, https:\/\/www.mapfre.com.tr\/blog\/media\/2023\/02\/surdurulebilirligi-saglamak-icin-topluluklara-dahil-olun-263x175.jpg 263w\" sizes=\"auto, (max-width: 724px) 100vw, 724px\" \/><\/figure>\n<\/figure>\n\n\n\n<p>\u00c7evremizi korumaya ve s\u00fcrd\u00fcr\u00fclebilir hayat\u0131 te\u015fvik etmeye yard\u0131mc\u0131 olmak i\u00e7in lokal organizasyonlara ve kurulu\u015flara \u00fcye olabilir, s\u00fcrd\u00fcr\u00fclebilirlik \u00e7al\u0131\u015fmalar\u0131 yapabilirsiniz.&nbsp;<\/p>\n\n\n\n<p>\u00dclkemizde yer alan ve s\u00fcrd\u00fcr\u00fclebilir kalk\u0131nma i\u00e7in \u00e7al\u0131\u015fan \u00e7evresel \u00f6rg\u00fctler ile gruplardan baz\u0131lar\u0131 ise \u015funlard\u0131r:<\/p>\n\n\n\n<ul class=\"wp-block-list\">\n<li>T\u00fcrkiye \u00c7evre ve Do\u011fal Hayat\u0131 Koruma Derne\u011fi (T\u00c7D)<\/li>\n\n\n\n<li>TEMA Vakf\u0131<\/li>\n\n\n\n<li>T\u00fcrkiye \u00c7evre M\u00fchendisleri Odas\u0131<\/li>\n\n\n\n<li>\u00c7evre ve S\u00fcrd\u00fcr\u00fclebilir Kalk\u0131nma Derne\u011fi (\u00c7EVKALK)<\/li>\n<\/ul>\n\n\n\n<p>Ayr\u0131ca dilerseniz <a href=\"http:\/\/www.surdurulebilirkalkinma.gov.tr\/\" target=\"_blank\" rel=\"noreferrer noopener\">T\u00fcrkiye&#8217;de \u00c7evre ve \u015eehircilik Bakanl\u0131\u011f\u0131<\/a>&#8216;n\u0131n resmi web sitesinden, s\u00fcrd\u00fcr\u00fclebilirlik \u00e7al\u0131\u015fmalar\u0131 konusunda hedeflenen politikalar\u0131, programlar\u0131 ve giri\u015fimleri takip edebilirsiniz.\u00a0<\/p>\n\n\n\n<p>Bu organizasyonlara kat\u0131larak organizasyon i\u00e7inde geri d\u00f6n\u00fc\u015f\u00fcm, enerji ve su tasarrufu, toplu ta\u015f\u0131ma kullanmaya te\u015fvik gibi konularda kampanya ba\u015flatabilirsiniz. Ard\u0131ndan bu \u00e7al\u0131\u015fmalar\u0131 di\u011fer derneklerin de uygulamas\u0131n\u0131 \u00f6nerebilir ve s\u00fcrd\u00fcr\u00fclebilirlik konusundaki \u00e7al\u0131\u015fmalar\u0131n\u0131z\u0131 b\u00fcy\u00fctebilirsiniz.&nbsp;<\/p>\n\n\n\n<p>Daha iyi bir gelecek i\u00e7in biz de s\u00fcrd\u00fcr\u00fclebilir ya\u015fam\u0131 destekliyoruz!<br><a href=\"https:\/\/www.mapfre.com.tr\/sigorta-tr\/bireysel\/\" target=\"_blank\" rel=\"noreferrer noopener\">MAPFRE Sigorta<\/a><\/p>\n","protected":false},"excerpt":{"rendered":"<p>S\u00fcrd\u00fcr\u00fclebilir ya\u015fam tarz\u0131n\u0131 benimsemek i\u00e7in g\u00fcnl\u00fck hayatta uygulanabilecekleri sizin i\u00e7in ele ald\u0131k. Detaylar\u0131 \u00f6\u011frenmek i\u00e7in t\u0131klay\u0131n.<\/p>\n","protected":false},"author":3,"featured_media":8698,"comment_status":"closed","ping_status":"open","sticky":false,"template":"","format":"standard","meta":{"footnotes":""},"categories":[886,1972,1964],"tags":[899],"class_list":["post-8692","post","type-post","status-publish","format-standard","has-post-thumbnail","hentry","category-dusle","category-iyi-yasam-dusle","category-nasil-baslanir","tag-ipucu"],"_links":{"self":[{"href":"https:\/\/www.mapfre.com.tr\/blog\/wp-json\/wp\/v2\/posts\/8692","targetHints":{"allow":["GET"]}}],"collection":[{"href":"https:\/\/www.mapfre.com.tr\/blog\/wp-json\/wp\/v2\/posts"}],"about":[{"href":"https:\/\/www.mapfre.com.tr\/blog\/wp-json\/wp\/v2\/types\/post"}],"author":[{"embeddable":true,"href":"https:\/\/www.mapfre.com.tr\/blog\/wp-json\/wp\/v2\/users\/3"}],"replies":[{"embeddable":true,"href":"https:\/\/www.mapfre.com.tr\/blog\/wp-json\/wp\/v2\/comments?post=8692"}],"version-history":[{"count":7,"href":"https:\/\/www.mapfre.com.tr\/blog\/wp-json\/wp\/v2\/posts\/8692\/revisions"}],"predecessor-version":[{"id":8731,"href":"https:\/\/www.mapfre.com.tr\/blog\/wp-json\/wp\/v2\/posts\/8692\/revisions\/8731"}],"wp:featuredmedia":[{"embeddable":true,"href":"https:\/\/www.mapfre.com.tr\/blog\/wp-json\/wp\/v2\/media\/8698"}],"wp:attachment":[{"href":"https:\/\/www.mapfre.com.tr\/blog\/wp-json\/wp\/v2\/media?parent=8692"}],"wp:term":[{"taxonomy":"category","embeddable":true,"href":"https:\/\/www.mapfre.com.tr\/blog\/wp-json\/wp\/v2\/categories?post=8692"},{"taxonomy":"post_tag","embeddable":true,"href":"https:\/\/www.mapfre.com.tr\/blog\/wp-json\/wp\/v2\/tags?post=8692"}],"curies":[{"name":"wp","href":"https:\/\/api.w.org\/{rel}","templated":true}]}}