{"id":9210,"date":"2023-10-05T07:03:22","date_gmt":"2023-10-05T07:03:22","guid":{"rendered":"https:\/\/www.mapfre.com.tr\/blog\/?p=9210"},"modified":"2024-09-18T10:50:58","modified_gmt":"2024-09-18T10:50:58","slug":"arac-neden-cekisten-duser","status":"publish","type":"post","link":"https:\/\/www.mapfre.com.tr\/blog\/yasa\/arac-neden-cekisten-duser\/","title":{"rendered":"S\u00fcr\u00fc\u015f G\u00fcvenli\u011fi \u0130\u00e7in \u00d6nemli: Ara\u00e7larda \u00c7eki\u015f D\u00fc\u015f\u00fckl\u00fc\u011f\u00fc Neden Olur?\u00a0"},"content":{"rendered":"\n<p>Arac\u0131n\u0131zda performans kayb\u0131 ve kayma problemi ya\u015f\u0131yorsan\u0131z bunun sebebi, arac\u0131n \u00e7eki\u015f g\u00fcc\u00fcn\u00fcn azalmas\u0131 olabilir. Tabii ki yol \u015fartlar\u0131ndan kaynakl\u0131 olarak ara\u00e7larda \u00e7eki\u015f problemi ya\u015fanabilir. Ancak ara\u00e7ta \u00e7eki\u015f d\u00fc\u015f\u00fckl\u00fc\u011f\u00fc ya\u015fanmas\u0131n\u0131n sebepleri sadece yoldan kaynakl\u0131 de\u011fildir. Peki, arac\u0131n \u00e7eki\u015ften d\u00fc\u015fmesinin nedenleri nelerdir biliyor musunuz?<\/p>\n\n\n\n<!--more-->\n\n\n\n<p>O halde, t\u00fcm nedenleri ve dikkat edilmesi gerekenler ile ara\u00e7 \u00e7eki\u015f d\u00fc\u015f\u00fckl\u00fc\u011f\u00fc sorununu inceleyelim.&nbsp;<\/p>\n\n\n\n<h2 class=\"wp-block-heading\" id=\"h-araclarda-cekis-dusuklugunun-nedenleri\"><strong>Ara\u00e7larda \u00c7eki\u015f D\u00fc\u015f\u00fckl\u00fc\u011f\u00fcn\u00fcn Nedenleri&nbsp;<\/strong><\/h2>\n\n\n\n<p>Ara\u00e7larda \u00e7eki\u015f d\u00fc\u015fmesi, tekerleklerin yol kavramas\u0131n\u0131n azalmas\u0131na ve buna ba\u011fl\u0131 olarak ara\u00e7larda kayma tehlikesini ortaya \u00e7\u0131karan bir durum. Yani ara\u00e7ta \u00e7eki\u015fin d\u00fc\u015fmesi, s\u00fcr\u00fc\u015f g\u00fcvenli\u011fini tehlikeyi att\u0131\u011f\u0131 i\u00e7in \u00f6nlem al\u0131nmas\u0131 gereken bir konu. Ancak farkl\u0131 sebeplerden dolay\u0131 arac\u0131n \u00e7eki\u015f g\u00fcc\u00fc azalabilir. \u201cPeki, bu sebepler nelerdir?\u201d diye d\u00fc\u015f\u00fcn\u00fcyorsan\u0131z ara\u00e7 \u00e7eki\u015f d\u00fc\u015f\u00fckl\u00fc\u011f\u00fcn\u00fcn nedenlerini hemen s\u0131ralayal\u0131m.&nbsp;<\/p>\n\n\n\n<h3 class=\"wp-block-heading\" id=\"h-hava-ve-yol-sartlari\"><strong>Hava ve Yol \u015eartlar\u0131<\/strong><\/h3>\n\n\n\n<figure class=\"wp-block-image size-full\"><img loading=\"lazy\" decoding=\"async\" width=\"724\" height=\"483\" src=\"https:\/\/www.mapfre.com.tr\/blog\/media\/2023\/09\/hava-ve-yol-sartlari.jpg\" alt=\"Hava Ve Yol \u015eartlar\u0131\" class=\"wp-image-9218\" srcset=\"https:\/\/www.mapfre.com.tr\/blog\/media\/2023\/09\/hava-ve-yol-sartlari.jpg 724w, https:\/\/www.mapfre.com.tr\/blog\/media\/2023\/09\/hava-ve-yol-sartlari-300x200.jpg 300w, https:\/\/www.mapfre.com.tr\/blog\/media\/2023\/09\/hava-ve-yol-sartlari-585x390.jpg 585w, https:\/\/www.mapfre.com.tr\/blog\/media\/2023\/09\/hava-ve-yol-sartlari-263x175.jpg 263w\" sizes=\"auto, (max-width: 724px) 100vw, 724px\" \/><\/figure>\n\n\n\n<p>\u00c7eki\u015f d\u00fc\u015fmesi, \u00f6zellikle sonbahar ve k\u0131\u015f aylar\u0131nda daha \u00e7ok g\u00f6r\u00fclebilir. \u00c7\u00fcnk\u00fc ya\u011fmur ve kar ya\u011f\u0131\u015f\u0131ndan kaynakl\u0131 olarak yollar \u0131slan\u0131r, bu da zeminin daha kaygan olmas\u0131na neden olur. B\u00f6yle bir durumda tekerleklerin yol tutu\u015f kabiliyeti azal\u0131r ve ara\u00e7 \u00e7eki\u015ften d\u00fc\u015fer.&nbsp;<\/p>\n\n\n\n<h3 class=\"wp-block-heading\"><strong>Yak\u0131t De\u011fi\u015fimi<\/strong><\/h3>\n\n\n\n<figure class=\"wp-block-image size-full\"><img loading=\"lazy\" decoding=\"async\" width=\"724\" height=\"482\" src=\"https:\/\/www.mapfre.com.tr\/blog\/media\/2023\/09\/yakit-degisimi.jpg\" alt=\"Yak\u0131t De\u011fi\u015fimi\" class=\"wp-image-9217\" srcset=\"https:\/\/www.mapfre.com.tr\/blog\/media\/2023\/09\/yakit-degisimi.jpg 724w, https:\/\/www.mapfre.com.tr\/blog\/media\/2023\/09\/yakit-degisimi-300x200.jpg 300w, https:\/\/www.mapfre.com.tr\/blog\/media\/2023\/09\/yakit-degisimi-585x389.jpg 585w, https:\/\/www.mapfre.com.tr\/blog\/media\/2023\/09\/yakit-degisimi-263x175.jpg 263w\" sizes=\"auto, (max-width: 724px) 100vw, 724px\" \/><\/figure>\n\n\n\n<p>S\u00fcrekli kulland\u0131\u011f\u0131n\u0131z yak\u0131t d\u0131\u015f\u0131nda arac\u0131n\u0131zda farkl\u0131 bir yak\u0131t kullanmak, arac\u0131n performans\u0131n\u0131 etkileyebilir. E\u011fer yak\u0131t kalitesi d\u00fc\u015f\u00fckse bu durum, arac\u0131n yak\u0131t sistemini etkileyece\u011fi gibi motorun performans\u0131n\u0131 da d\u00fc\u015f\u00fcr\u00fcr. Bu da motorun \u00e7eki\u015f g\u00fcc\u00fcn\u00fcn azalmas\u0131na sebep olur.&nbsp;&nbsp;<\/p>\n\n\n\n<h3 class=\"wp-block-heading\"><strong>Ara\u00e7 Bak\u0131m\u0131n\u0131n \u0130hmal Edilmesi<\/strong><\/h3>\n\n\n\n<figure class=\"wp-block-image size-full\"><img loading=\"lazy\" decoding=\"async\" width=\"724\" height=\"483\" src=\"https:\/\/www.mapfre.com.tr\/blog\/media\/2023\/09\/arac-bakiminin-ihmal-edilmesi.jpg\" alt=\"Ara\u00e7 Bak\u0131m\u0131n\u0131n \u0130hmal Edilmesi\" class=\"wp-image-9216\" srcset=\"https:\/\/www.mapfre.com.tr\/blog\/media\/2023\/09\/arac-bakiminin-ihmal-edilmesi.jpg 724w, https:\/\/www.mapfre.com.tr\/blog\/media\/2023\/09\/arac-bakiminin-ihmal-edilmesi-300x200.jpg 300w, https:\/\/www.mapfre.com.tr\/blog\/media\/2023\/09\/arac-bakiminin-ihmal-edilmesi-585x390.jpg 585w, https:\/\/www.mapfre.com.tr\/blog\/media\/2023\/09\/arac-bakiminin-ihmal-edilmesi-263x175.jpg 263w\" sizes=\"auto, (max-width: 724px) 100vw, 724px\" \/><\/figure>\n\n\n\n<p>Biliyoruz ki ara\u00e7lar i\u00e7in periyodik bak\u0131m, arac\u0131n g\u00fcvenli s\u00fcr\u00fc\u015f deneyimi sunmas\u0131 ve performans\u0131n\u0131 kaybetmemesi i\u00e7in olduk\u00e7a \u00f6nemli. Ara\u00e7 bak\u0131m\u0131n\u0131 ihmal ederseniz bu durum, ara\u00e7ta performans ve \u00e7eki\u015f d\u00fc\u015f\u00fckl\u00fc\u011f\u00fc olarak kar\u015f\u0131n\u0131za \u00e7\u0131kabilir.&nbsp;<\/p>\n\n\n\n<h3 class=\"wp-block-heading\"><strong>Mekanik Sistemdeki A\u015f\u0131nmalar<\/strong><\/h3>\n\n\n\n<figure class=\"wp-block-image size-full\"><img loading=\"lazy\" decoding=\"async\" width=\"724\" height=\"483\" src=\"https:\/\/www.mapfre.com.tr\/blog\/media\/2023\/09\/mekanik-sistemdeki-asinmalar.jpg\" alt=\"Mekanik Sistemdeki A\u015f\u0131nmalar\" class=\"wp-image-9215\" srcset=\"https:\/\/www.mapfre.com.tr\/blog\/media\/2023\/09\/mekanik-sistemdeki-asinmalar.jpg 724w, https:\/\/www.mapfre.com.tr\/blog\/media\/2023\/09\/mekanik-sistemdeki-asinmalar-300x200.jpg 300w, https:\/\/www.mapfre.com.tr\/blog\/media\/2023\/09\/mekanik-sistemdeki-asinmalar-585x390.jpg 585w, https:\/\/www.mapfre.com.tr\/blog\/media\/2023\/09\/mekanik-sistemdeki-asinmalar-263x175.jpg 263w\" sizes=\"auto, (max-width: 724px) 100vw, 724px\" \/><\/figure>\n\n\n\n<p>Ara\u00e7ta mekanik bir ar\u0131za veya a\u015f\u0131nma olmas\u0131, arac\u0131n performans\u0131n\u0131 d\u00fc\u015f\u00fcr\u00fcr. \u00c7eki\u015f kayb\u0131na neden olan en \u00f6nemli mekanik ar\u0131zalardan biri de debriyaj sistemindeki a\u015f\u0131nmalard\u0131r. Arac\u0131n ya\u015f\u0131na ve yapt\u0131\u011f\u0131 kilometreye ba\u011fl\u0131 olarak zamanla debriyaj sisteminde a\u015f\u0131nma meydana gelebilir ve debriyaj balatas\u0131 bitebilir. Bu da motor g\u00fcc\u00fcn\u00fcn tekerleklere dengeli bir \u015fekilde gitmesinin \u00f6n\u00fcne ge\u00e7erek araca \u00e7eki\u015f kayb\u0131 ya\u015fat\u0131r.&nbsp;<\/p>\n\n\n\n<p>Debriyaj sistemindeki a\u015f\u0131nmalar d\u0131\u015f\u0131nda bobin ar\u0131zas\u0131 ve ate\u015fleme sorunu da arac\u0131 g\u00fc\u00e7ten d\u00fc\u015f\u00fcrerek \u00e7eki\u015f kayb\u0131na sebep olabilir.&nbsp;&nbsp;<\/p>\n\n\n\n<h3 class=\"wp-block-heading\"><strong>S\u00fcr\u00fcc\u00fc Hatalar\u0131&nbsp;<\/strong><\/h3>\n\n\n\n<figure class=\"wp-block-image size-full\"><img loading=\"lazy\" decoding=\"async\" width=\"722\" height=\"483\" src=\"https:\/\/www.mapfre.com.tr\/blog\/media\/2023\/09\/surucu-hatalari.jpg\" alt=\"S\u00fcr\u00fcc\u00fc Hatalar\u0131\" class=\"wp-image-9214\" srcset=\"https:\/\/www.mapfre.com.tr\/blog\/media\/2023\/09\/surucu-hatalari.jpg 722w, https:\/\/www.mapfre.com.tr\/blog\/media\/2023\/09\/surucu-hatalari-300x201.jpg 300w, https:\/\/www.mapfre.com.tr\/blog\/media\/2023\/09\/surucu-hatalari-585x391.jpg 585w, https:\/\/www.mapfre.com.tr\/blog\/media\/2023\/09\/surucu-hatalari-263x175.jpg 263w\" sizes=\"auto, (max-width: 722px) 100vw, 722px\" \/><\/figure>\n\n\n\n<p>S\u00fcr\u00fc\u015f esnas\u0131nda ani frenleme yapmak veya h\u0131zlanmak, ara\u00e7 sahiplerinin yapt\u0131\u011f\u0131 hatalar\u0131n ba\u015f\u0131nda gelir. Bu durum, s\u00fcr\u00fc\u015f g\u00fcvenli\u011fi a\u00e7\u0131s\u0131ndan tehlike yaratt\u0131\u011f\u0131 gibi arac\u0131n performans\u0131n\u0131 da olumsuz etkiler. \u00c7\u00fcnk\u00fc ani frenlerde ve h\u0131zlanmalarda ara\u00e7 \u00e7eki\u015f d\u00fc\u015fmesi riski daha fazlad\u0131r.&nbsp;<\/p>\n\n\n\n<h3 class=\"wp-block-heading\"><strong>Motor Ya\u011f\u0131n\u0131n Eksilmesi<\/strong><\/h3>\n\n\n\n<figure class=\"wp-block-image size-full\"><img loading=\"lazy\" decoding=\"async\" width=\"724\" height=\"483\" src=\"https:\/\/www.mapfre.com.tr\/blog\/media\/2023\/09\/motor-yaginin-eksilmesi.jpg\" alt=\"Motor Ya\u011f\u0131n\u0131n Eksilmesi\" class=\"wp-image-9213\" srcset=\"https:\/\/www.mapfre.com.tr\/blog\/media\/2023\/09\/motor-yaginin-eksilmesi.jpg 724w, https:\/\/www.mapfre.com.tr\/blog\/media\/2023\/09\/motor-yaginin-eksilmesi-300x200.jpg 300w, https:\/\/www.mapfre.com.tr\/blog\/media\/2023\/09\/motor-yaginin-eksilmesi-585x390.jpg 585w, https:\/\/www.mapfre.com.tr\/blog\/media\/2023\/09\/motor-yaginin-eksilmesi-263x175.jpg 263w\" sizes=\"auto, (max-width: 724px) 100vw, 724px\" \/><\/figure>\n\n\n\n<p>Motor ya\u011f\u0131, motorun hareketi s\u0131ras\u0131nda s\u00fcrt\u00fcnme ve a\u015f\u0131nmay\u0131 engelleyerek motor g\u00fcc\u00fcn\u00fcn tekerleklere aktar\u0131lmas\u0131n\u0131 sa\u011flar. Ancak motor ya\u011f\u0131 eksilirse g\u00fc\u00e7 \u00fcretirken motorda daha fazla s\u00fcrt\u00fcnme ve buna ba\u011fl\u0131 olarak a\u015f\u0131nma meydana gelir. Motorun a\u015f\u0131nmas\u0131 ya da motor&nbsp; ya\u011f\u0131n\u0131n eksikli\u011finden kaynakl\u0131 motor par\u00e7alar\u0131ndaki ar\u0131zalar da arac\u0131n \u00e7eki\u015f g\u00fcc\u00fcn\u00fc azalt\u0131r.&nbsp;<\/p>\n\n\n\n<h3 class=\"wp-block-heading\"><strong>Elektronik Stabilite Program\u0131n\u0131n (ESP) Devre D\u0131\u015f\u0131 B\u0131rak\u0131lmas\u0131&nbsp;<\/strong><\/h3>\n\n\n\n<figure class=\"wp-block-image size-full\"><img loading=\"lazy\" decoding=\"async\" width=\"723\" height=\"482\" src=\"https:\/\/www.mapfre.com.tr\/blog\/media\/2023\/09\/esp-devre-disi-birakilmasi.jpg\" alt=\"ESP Devre D\u0131\u015f\u0131\" class=\"wp-image-9212\" srcset=\"https:\/\/www.mapfre.com.tr\/blog\/media\/2023\/09\/esp-devre-disi-birakilmasi.jpg 723w, https:\/\/www.mapfre.com.tr\/blog\/media\/2023\/09\/esp-devre-disi-birakilmasi-300x200.jpg 300w, https:\/\/www.mapfre.com.tr\/blog\/media\/2023\/09\/esp-devre-disi-birakilmasi-585x390.jpg 585w, https:\/\/www.mapfre.com.tr\/blog\/media\/2023\/09\/esp-devre-disi-birakilmasi-263x175.jpg 263w\" sizes=\"auto, (max-width: 723px) 100vw, 723px\" \/><\/figure>\n\n\n\n<p>A\u00e7\u0131l\u0131m\u0131 elektronik stabilite program\u0131 olan ESP sistemi, g\u00fcn\u00fcm\u00fczde \u00fcretilen ve elektronik sistemlerle geli\u015ftirilen pek \u00e7ok ara\u00e7ta mevcut. Bu sistem sayesinde ara\u00e7 manevra yaparken kayma ihtimaline kar\u015f\u0131 dengesizlikler \u00f6nlenir. Ancak ara\u00e7 sahibi olarak bu sistemi devre d\u0131\u015f\u0131 b\u0131rak\u0131rsan\u0131z s\u00fcr\u00fc\u015f esnas\u0131nda arac\u0131n \u00e7eki\u015f g\u00fcc\u00fc azalarak kayma ihtimali artar.&nbsp;<\/p>\n\n\n\n<h2 class=\"wp-block-heading\"><strong>\u00c7eki\u015f D\u00fc\u015fmesini \u00d6nlemek \u0130\u00e7in Dikkat Edilmesi Gerekenler Nelerdir?<\/strong><\/h2>\n\n\n\n<p>Ara\u00e7 \u00e7eki\u015f d\u00fc\u015f\u00fckl\u00fc\u011f\u00fc nedenlerinden de anla\u015f\u0131ld\u0131\u011f\u0131 gibi yol \u015fartlar\u0131ndan, mekanik sistemlerden ve insani kaynakl\u0131 olarak arac\u0131n \u00e7ekme g\u00fcc\u00fcnde azalma meydana gelebilir. Ancak al\u0131nan \u00f6nlemlerle \u00e7eki\u015f d\u00fc\u015f\u00fckl\u00fc\u011f\u00fc sorununun \u00f6n\u00fcne ge\u00e7mek m\u00fcmk\u00fcn. Arac\u0131n \u00e7eki\u015f g\u00fcc\u00fcn\u00fcn d\u00fc\u015fmemesi i\u00e7in dikkat edilmesi gerekenleri \u015fu \u015fekilde s\u0131ralayabiliriz:&nbsp;<\/p>\n\n\n\n<ul class=\"wp-block-list\">\n<li>Arac\u0131n\u0131zdaki her bir par\u00e7an\u0131n d\u00fczg\u00fcn \u00e7al\u0131\u015fmas\u0131 ve bir sorun varsa \u00e7\u00f6z\u00fclmesi i\u00e7in ara\u00e7 periyodik bak\u0131mlar\u0131n\u0131 zaman\u0131nda yapt\u0131rman\u0131z olduk\u00e7a \u00f6nemli. B\u00f6ylelikle arac\u0131n\u0131zda performans kayb\u0131 ya\u015famadan ve g\u00fcvenli bir \u015fekilde s\u00fcr\u00fc\u015f deneyimi ya\u015fayabilirsiniz.&nbsp;<\/li>\n<\/ul>\n\n\n\n<ul class=\"wp-block-list\">\n<li>Havalar\u0131n so\u011fumas\u0131 ve ya\u011f\u0131\u015flar\u0131n ba\u015flamas\u0131 ile hava \u015fartlar\u0131na uygun lastiklere ge\u00e7i\u015f yapman\u0131z gerekli. Daha g\u00fc\u00e7l\u00fc yol tutu\u015fu sa\u011flayan k\u0131\u015f lastikleri ile arac\u0131n \u00e7eki\u015f kayb\u0131n\u0131 minimum seviyeye d\u00fc\u015f\u00fcrebilirsiniz. Ayr\u0131ca sadece k\u0131\u015f da de\u011fil, ya\u011f\u0131\u015flar\u0131n ba\u015flad\u0131\u011f\u0131 sonbahar mevsiminde de lastik kontrollerini ihmal etmeyin. Lastiklerde hava bas\u0131nc\u0131 ve a\u015f\u0131nma kontrol\u00fc yaparak arac\u0131n\u0131z\u0131 sohbahara haz\u0131rlayabilirsiniz. Ara\u00e7larda sonbahar bak\u0131m\u0131nda dikkat edilmesi gereken di\u011fer unsurlar\u0131 da \u00f6\u011frenmek i\u00e7in \u201c<a href=\"https:\/\/www.mapfre.com.tr\/blog\/yasa\/araciniz-sonbahara-hazir-mi\/\" target=\"_blank\" rel=\"noreferrer noopener\">Arac\u0131n\u0131z Sonbahara Haz\u0131r m\u0131?<\/a>\u201d yaz\u0131m\u0131z\u0131 okuyabilirsiniz.&nbsp;<\/li>\n<\/ul>\n\n\n\n<ul class=\"wp-block-list\">\n<li>Ani hareketler yapmadan kontroll\u00fc bir \u015fekilde arac\u0131n\u0131z\u0131 s\u00fcrerseniz ara\u00e7 \u00fczerindeki hakimiyetinizi art\u0131rarak kayma sorununun \u00f6n\u00fcne ge\u00e7ebilirsiniz.&nbsp;<\/li>\n<\/ul>\n\n\n\n<ul class=\"wp-block-list\">\n<li>\u00d6zellikle \u00e7ok kar ve ya\u011f\u0131\u015f\u0131n oldu\u011fu olumsuz hava \u015fartlar\u0131nda zorlu yol ko\u015fullar\u0131na girmemeye ve hatta m\u00fcmk\u00fcnse arac\u0131n\u0131zla trafi\u011fe \u00e7\u0131kmamaya \u00f6zen g\u00f6sterin. E\u011fer zorlu hava \u015fartlar\u0131nda arac\u0131 kullanman\u0131z gerekirse de k\u0131\u015f lasti\u011fi d\u0131\u015f\u0131nda kar zinciri gibi \u00f6nlemleri de almay\u0131 ihmal etmeyin.&nbsp;&nbsp;<\/li>\n<\/ul>\n\n\n\n<ul class=\"wp-block-list\">\n<li>Motor ya\u011f\u0131n\u0131 d\u00fczenli bir \u015fekilde kontrol ederek eksilmesi halinde tamamlay\u0131n. Ancak arac\u0131n\u0131z\u0131n motor ya\u011f\u0131n\u0131 tamamlarken se\u00e7ti\u011finiz motor ya\u011f\u0131n\u0131n arac\u0131n\u0131za uygun olmas\u0131na dikkat edin.&nbsp;<\/li>\n<\/ul>\n\n\n\n<ul class=\"wp-block-list\">\n<li>Her zaman tercih etti\u011finiz yak\u0131t d\u0131\u015f\u0131nda ba\u015fka bir yak\u0131t almak durumunda kal\u0131rsan\u0131z yak\u0131t\u0131n g\u00fcvenli\u011fini ve kalitesini kontrol edin.&nbsp;<\/li>\n<\/ul>\n\n\n\n<ul class=\"wp-block-list\">\n<li>E\u011fer arac\u0131n\u0131zda ESP sistemi varsa devre d\u0131\u015f\u0131 b\u0131rakmay\u0131n ve s\u00fcr\u00fc\u015f s\u0131ras\u0131nda aktif olarak kullan\u0131n.&nbsp;<\/li>\n<\/ul>\n\n\n\n<p>T\u00fcm bu \u00f6nlemlerle ara\u00e7 \u00e7eki\u015f d\u00fc\u015f\u00fckl\u00fc\u011f\u00fcn\u00fcn \u00f6n\u00fcne ge\u00e7erek g\u00fcvenli s\u00fcr\u00fc\u015f sa\u011flaman\u0131z m\u00fcmk\u00fcn. Ancak trafikte her zaman risklerin oldu\u011funu unutmay\u0131n. Trafikteki risklere kar\u015f\u0131 haz\u0131rl\u0131kl\u0131 olman\u0131n yolu ise MAPFRE Sigorta\u2019dan ge\u00e7iyor. <a href=\"https:\/\/www.mapfre.com.tr\/sigorta-tr\/bireysel\/kasko-sigortasi\/\" target=\"_blank\" rel=\"noreferrer noopener\">Kasko Sigortas\u0131<\/a> yapt\u0131rarak t\u00fcm bu risklere kar\u015f\u0131 arac\u0131n\u0131z\u0131 g\u00fcvence alt\u0131na alabilirsiniz. \u0130htiya\u00e7 ve taleplerinize en uygun kasko poli\u00e7esini hemen olu\u015fturmak i\u00e7in ise <a href=\"https:\/\/kasko.mapfre.com.tr\/kasko-sigortasi-teklifi\/tr\/#\/landing\" target=\"_blank\" rel=\"noreferrer noopener\">kasko teklif sayfam\u0131z\u0131<\/a> ziyaret edebilirsiniz.&nbsp;<\/p>\n\n\n\n<p>MAPFRE Sigorta<\/p>\n","protected":false},"excerpt":{"rendered":"<p>Ara\u00e7ta \u00e7eki\u015f d\u00fc\u015fmesi neden olur? Ara\u00e7larda \u00e7eki\u015f d\u00fc\u015f\u00fckl\u00fc\u011f\u00fc \u00f6nlemenin yollar\u0131 neler? T\u00fcm bu sorular\u0131n cevaplar\u0131n\u0131 \u00f6\u011frenmek i\u00e7in t\u0131klay\u0131n. <\/p>\n","protected":false},"author":3,"featured_media":9219,"comment_status":"closed","ping_status":"open","sticky":false,"template":"","format":"standard","meta":{"footnotes":""},"categories":[6,887],"tags":[911,914],"class_list":["post-9210","post","type-post","status-publish","format-standard","has-post-thumbnail","hentry","category-otomobil","category-yasa","tag-oto-yasam","tag-yol-asistani"],"_links":{"self":[{"href":"https:\/\/www.mapfre.com.tr\/blog\/wp-json\/wp\/v2\/posts\/9210","targetHints":{"allow":["GET"]}}],"collection":[{"href":"https:\/\/www.mapfre.com.tr\/blog\/wp-json\/wp\/v2\/posts"}],"about":[{"href":"https:\/\/www.mapfre.com.tr\/blog\/wp-json\/wp\/v2\/types\/post"}],"author":[{"embeddable":true,"href":"https:\/\/www.mapfre.com.tr\/blog\/wp-json\/wp\/v2\/users\/3"}],"replies":[{"embeddable":true,"href":"https:\/\/www.mapfre.com.tr\/blog\/wp-json\/wp\/v2\/comments?post=9210"}],"version-history":[{"count":12,"href":"https:\/\/www.mapfre.com.tr\/blog\/wp-json\/wp\/v2\/posts\/9210\/revisions"}],"predecessor-version":[{"id":9273,"href":"https:\/\/www.mapfre.com.tr\/blog\/wp-json\/wp\/v2\/posts\/9210\/revisions\/9273"}],"wp:featuredmedia":[{"embeddable":true,"href":"https:\/\/www.mapfre.com.tr\/blog\/wp-json\/wp\/v2\/media\/9219"}],"wp:attachment":[{"href":"https:\/\/www.mapfre.com.tr\/blog\/wp-json\/wp\/v2\/media?parent=9210"}],"wp:term":[{"taxonomy":"category","embeddable":true,"href":"https:\/\/www.mapfre.com.tr\/blog\/wp-json\/wp\/v2\/categories?post=9210"},{"taxonomy":"post_tag","embeddable":true,"href":"https:\/\/www.mapfre.com.tr\/blog\/wp-json\/wp\/v2\/tags?post=9210"}],"curies":[{"name":"wp","href":"https:\/\/api.w.org\/{rel}","templated":true}]}}